{"id":33037,"date":"2026-03-01T09:16:13","date_gmt":"2026-03-01T12:16:13","guid":{"rendered":"https:\/\/impactodenoticias.com.ar\/?p=33037"},"modified":"2026-03-01T09:16:13","modified_gmt":"2026-03-01T12:16:13","slug":"la-paz-adolescente-herida-tras-caer-de-una-moto","status":"publish","type":"post","link":"https:\/\/impactodenoticias.com.ar\/?p=33037","title":{"rendered":"La Paz: adolescente herida tras caer de una moto"},"content":{"rendered":"\n<h2 class=\"wp-block-heading\">El personal policial que intervino en el lugar encontr\u00f3 a la adolescente \u00abcon aparentes lesiones, quien se\u00f1al\u00f3 que circulaba como acompa\u00f1ante en una motocicleta conducida por un joven de 23 a\u00f1os de edad, cuando por causas a establecer se produjo la ca\u00edda del rodado\u00bb, informaron desde la Departamental de Polic\u00eda. El accidente de tr\u00e1nsito ocurri\u00f3 en cercan\u00edas de las calles S\u00e1enz Pe\u00f1a y Azcu\u00e9naga de la ciudad.<\/h2>\n\n\n\n<p>Al momento de la llegada de los efectivos policiales, \u00abno se hallaba presente el conductor ni el veh\u00edculo\u00bb, precisaron desde la Polic\u00eda.<\/p>\n\n\n\n<p>La v\u00edctima fue trasladada por personal de salud al Hospital 9 de Julio de La Paz para su debida atenci\u00f3n.<\/p>\n\n\n\n<p>A ra\u00edz del hecho intervino la Fiscal\u00eda pace\u00f1a, que investiga lo sucedido, mientras \u00abse contin\u00faa con las actuaciones correspondientes\u00bb, destacaron las fuentes policiales.<\/p>\n","protected":false},"excerpt":{"rendered":"<p>El personal policial que intervino en el lugar encontr&oacute; a la adolescente &laquo;con aparentes lesiones, quien se&ntilde;al&oacute; que circulaba como acompa&ntilde;ante en una motocicleta conducida por un joven de 23 a&ntilde;os de edad, cuando por causas a establecer se produjo la ca&iacute;da del rodado&raquo;, informaron desde la Departamental de Polic&iacute;a. El accidente de tr&aacute;nsito ocurri&oacute; [&hellip;]<\/p>\n","protected":false},"author":2,"featured_media":33038,"comment_status":"closed","ping_status":"closed","sticky":false,"template":"","format":"standard","meta":{"footnotes":""},"categories":[8,4],"tags":[120,564,2055,695,388],"class_list":["post-33037","post","type-post","status-publish","format-standard","has-post-thumbnail","hentry","category-policiales","category-provinciales","tag-accidente","tag-adolescente","tag-herida","tag-la-paz","tag-moto"],"_links":{"self":[{"href":"https:\/\/impactodenoticias.com.ar\/index.php?rest_route=\/wp\/v2\/posts\/33037","targetHints":{"allow":["GET"]}}],"collection":[{"href":"https:\/\/impactodenoticias.com.ar\/index.php?rest_route=\/wp\/v2\/posts"}],"about":[{"href":"https:\/\/impactodenoticias.com.ar\/index.php?rest_route=\/wp\/v2\/types\/post"}],"author":[{"embeddable":true,"href":"https:\/\/impactodenoticias.com.ar\/index.php?rest_route=\/wp\/v2\/users\/2"}],"replies":[{"embeddable":true,"href":"https:\/\/impactodenoticias.com.ar\/index.php?rest_route=%2Fwp%2Fv2%2Fcomments&post=33037"}],"version-history":[{"count":1,"href":"https:\/\/impactodenoticias.com.ar\/index.php?rest_route=\/wp\/v2\/posts\/33037\/revisions"}],"predecessor-version":[{"id":33039,"href":"https:\/\/impactodenoticias.com.ar\/index.php?rest_route=\/wp\/v2\/posts\/33037\/revisions\/33039"}],"wp:featuredmedia":[{"embeddable":true,"href":"https:\/\/impactodenoticias.com.ar\/index.php?rest_route=\/wp\/v2\/media\/33038"}],"wp:attachment":[{"href":"https:\/\/impactodenoticias.com.ar\/index.php?rest_route=%2Fwp%2Fv2%2Fmedia&parent=33037"}],"wp:term":[{"taxonomy":"category","embeddable":true,"href":"https:\/\/impactodenoticias.com.ar\/index.php?rest_route=%2Fwp%2Fv2%2Fcategories&post=33037"},{"taxonomy":"post_tag","embeddable":true,"href":"https:\/\/impactodenoticias.com.ar\/index.php?rest_route=%2Fwp%2Fv2%2Ftags&post=33037"}],"curies":[{"name":"wp","href":"https:\/\/api.w.org\/{rel}","templated":true}]}}