{"id":33040,"date":"2026-03-01T11:21:57","date_gmt":"2026-03-01T14:21:57","guid":{"rendered":"https:\/\/impactodenoticias.com.ar\/?p=33040"},"modified":"2026-03-03T10:58:36","modified_gmt":"2026-03-03T13:58:36","slug":"parana-nuevo-aumento-del-colectivo-en-el-area-metropolitana","status":"publish","type":"post","link":"https:\/\/impactodenoticias.com.ar\/?p=33040","title":{"rendered":"Paran\u00e1: nuevo aumento del colectivo en el \u00e1rea metropolitana"},"content":{"rendered":"\n<h2 class=\"wp-block-heading\">El servicio de transporte urbano que une Paran\u00e1 con el \u00c1rea Metropolitana ha dispuesto un incremento en el valor de su boleto. Las unidades, que circulan bajo la \u00f3rbita de la Secretar\u00eda de Transporte, actualizar\u00e1n su ticket en las pr\u00f3ximas horas.<\/h2>\n\n\n\n<p>Segun lo informado por fuentes oficiales a <strong>IMPACTO DE NOTICIAS<\/strong>, el pasaje aumentar\u00e1 un 18%, pasando de $1.570 a $1.852,60. La actualizaci\u00f3n responde a los criterios inflacionarios registrados en el \u00faltimo semestre del a\u00f1o pasado.<\/p>\n\n\n\n<p>Como suele ocurrir en estos casos, el plazo para que impacte el nuevo precio depender\u00e1 del sistema nacional SUBE. Esto significa m\u00e1s all\u00e1 de la determinaci\u00f3n administrativa, a\u00fan no hay fecha establecida para la implementaci\u00f3n.<\/p>\n","protected":false},"excerpt":{"rendered":"<p>El servicio de transporte urbano que une Paran&aacute; con el &Aacute;rea Metropolitana ha dispuesto un incremento en el valor de su boleto. Las unidades, que circulan bajo la &oacute;rbita de la Secretar&iacute;a de Transporte, actualizar&aacute;n su ticket en las pr&oacute;ximas horas. Segun lo informado por fuentes oficiales a IMPACTO DE NOTICIAS, el pasaje aumentar&aacute; un [&hellip;]<\/p>\n","protected":false},"author":2,"featured_media":33041,"comment_status":"closed","ping_status":"closed","sticky":false,"template":"","format":"standard","meta":{"footnotes":""},"categories":[3,49],"tags":[6622,57,1357,482,6115,95],"class_list":["post-33040","post","type-post","status-publish","format-standard","has-post-thumbnail","hentry","category-locales","category-sociedad","tag-area","tag-aumento","tag-boleto","tag-colectivo","tag-metropolitana","tag-parana"],"_links":{"self":[{"href":"https:\/\/impactodenoticias.com.ar\/index.php?rest_route=\/wp\/v2\/posts\/33040","targetHints":{"allow":["GET"]}}],"collection":[{"href":"https:\/\/impactodenoticias.com.ar\/index.php?rest_route=\/wp\/v2\/posts"}],"about":[{"href":"https:\/\/impactodenoticias.com.ar\/index.php?rest_route=\/wp\/v2\/types\/post"}],"author":[{"embeddable":true,"href":"https:\/\/impactodenoticias.com.ar\/index.php?rest_route=\/wp\/v2\/users\/2"}],"replies":[{"embeddable":true,"href":"https:\/\/impactodenoticias.com.ar\/index.php?rest_route=%2Fwp%2Fv2%2Fcomments&post=33040"}],"version-history":[{"count":1,"href":"https:\/\/impactodenoticias.com.ar\/index.php?rest_route=\/wp\/v2\/posts\/33040\/revisions"}],"predecessor-version":[{"id":33042,"href":"https:\/\/impactodenoticias.com.ar\/index.php?rest_route=\/wp\/v2\/posts\/33040\/revisions\/33042"}],"wp:featuredmedia":[{"embeddable":true,"href":"https:\/\/impactodenoticias.com.ar\/index.php?rest_route=\/wp\/v2\/media\/33041"}],"wp:attachment":[{"href":"https:\/\/impactodenoticias.com.ar\/index.php?rest_route=%2Fwp%2Fv2%2Fmedia&parent=33040"}],"wp:term":[{"taxonomy":"category","embeddable":true,"href":"https:\/\/impactodenoticias.com.ar\/index.php?rest_route=%2Fwp%2Fv2%2Fcategories&post=33040"},{"taxonomy":"post_tag","embeddable":true,"href":"https:\/\/impactodenoticias.com.ar\/index.php?rest_route=%2Fwp%2Fv2%2Ftags&post=33040"}],"curies":[{"name":"wp","href":"https:\/\/api.w.org\/{rel}","templated":true}]}}