{"id":33046,"date":"2026-03-03T10:01:10","date_gmt":"2026-03-03T13:01:10","guid":{"rendered":"https:\/\/impactodenoticias.com.ar\/?p=33046"},"modified":"2026-03-04T09:38:27","modified_gmt":"2026-03-04T12:38:27","slug":"narcotrafico-comienza-este-martes-el-proceso-contra-leonardo-airaldi-y-su-banda","status":"publish","type":"post","link":"https:\/\/impactodenoticias.com.ar\/?p=33046","title":{"rendered":"Narcotr\u00e1fico: comienza este martes el proceso contra Leonardo Airaldi y su banda"},"content":{"rendered":"\n<h2 class=\"wp-block-heading\">Este martes, a partir de las 9:30, se inicia en Paran\u00e1 uno de los juicios m\u00e1s resonantes de los \u00faltimos a\u00f1os en la regi\u00f3n.<\/h2>\n\n\n\n<p>El Tribunal Oral en lo Criminal Federal, integrado por Noem\u00ed Berros, Maricel Rojas y Jos\u00e9 Mar\u00eda Escobar Cello, comenzar\u00e1 al debate judicial oral contra Leonardo Airaldi \u2014exdirector de la Sociedad Rural de Diamante\u2014 y otros nueve acusados por narcotr\u00e1fico.<\/p>\n\n\n\n<p>El juicio se desarrollar\u00e1 bajo estrictas medidas de seguridad, debido a los \u00faltimos acontecimientos que salieron a la luz sobre un supuesto plan criminal para atentar contra autoridades judiciales.<\/p>\n\n\n\n<p>En la primera jornada se leer\u00e1 la acusaci\u00f3n formal y se llevar\u00e1n a cabo los planteos preliminares por parte de los defensores para que el TOF resuelva.<\/p>\n\n\n\n<p><strong>La secuencia del caso<\/strong><\/p>\n\n\n\n<p>En un principio eran 14 los imputados, pero varios optaron por juicios abreviados o pedir probation. Todos esos planteos quedar\u00e1n a disposici\u00f3n del tribunal que dictaminar\u00e1 si son aceptados o rechazados.<\/p>\n\n\n\n<p>Se espera la declaraci\u00f3n de unos 45 testigos y un proceso que podr\u00eda extenderse por aproximadamente cuatro meses.<\/p>\n\n\n\n<p>Airaldi seguir\u00e1 el juicio desde la c\u00e1rcel de Ezeiza, donde fue trasladado el fin de semana por consider\u00e1rselo un preso de alto riesgo, despu\u00e9s de descubrirse un supuesto plan para atentar contra el juez federal Leandro R\u00edos y el fiscal Jos\u00e9 Ignacio Candioti.<\/p>\n\n\n\n<p><strong>Las causas acumuladas<\/strong><\/p>\n\n\n\n<p>Airaldi enfrenta dos expedientes principales que se unificaron para realizar un s\u00f3lo debate. La abogada defensora del productor agropecuario y ganadero Mariana Barbitta, se opuso a la unificaci\u00f3n pero no obtuvo \u00e9xito. Antes del inicio del juicio adem\u00e1s, solicit\u00f3 su suspensi\u00f3n por la presunta \u201cfaltante\u201d de prueba, algo que fue rechazado por el TOF.<\/p>\n\n\n\n<p>La causa en Entre R\u00edos comprende una investigaci\u00f3n que se inici\u00f3 en 2019 y culmin\u00f3 en 2024. Ese trabajo permiti\u00f3, de acuerdo al MPF, conocer sobre una organizaci\u00f3n que traficaba coca\u00edna en Diamante y Paran\u00e1.<\/p>\n\n\n\n<p>Jos\u00e9 Torres, que trabajaba para Airaldi, est\u00e1 desaparecido desde 2022; la justicia otorga recompensa por datos de su paradero.<\/p>\n\n\n\n<p>El expediente de Santa Fe data de 2022 cuando la Polic\u00eda hall\u00f3 30 kilos de coca\u00edna en la casa de su puestero, Jos\u00e9 \u201cPete\u201d Torres, en Puerto Gaboto. Torres est\u00e1 desaparecido y tiene pedido de captura. Ese allanamiento en el puesto que cuidaba Torres se dio por una causa de violencia de g\u00e9nero.<\/p>\n\n\n\n<p>La conexi\u00f3n entre ambos casos incrementa la hip\u00f3tesis de que Airaldi utilizaba campos e islas en el Delta para el trasiego de cargamentos provenientes de Paraguay, en coordinaci\u00f3n con organizaciones narco de Rosario. Se sospecha que uno de esos env\u00edos ten\u00eda como destino el Mundial de Qatar.<\/p>\n\n\n\n<p><strong>Quienes son los acusados<\/strong><\/p>\n\n\n\n<p>Adem\u00e1s de Airaldi, son parte de la acusaci\u00f3n del MPF, Cristian S\u00e1nchez, Sebasti\u00e1n Agust\u00edn Armocida, Joel Dami\u00e1n Schonfeld, Gonzalo Olivero, Juan Andr\u00e9s Erbes, Marino Mart\u00ednez, Mar\u00eda Soledad Touzet, Emanuel Enrique Cuello, Jos\u00e9 Nicol\u00e1s Godoy, Armando Marcelo Balcaza, Roberto Fabi\u00e1n Coronel y Carlos David Schumacher.<\/p>\n\n\n\n<p>El fiscal general Jos\u00e9 Ignacio Candioti y su adjunto, Juan Podhainy, estar\u00e1n a cargo de sostener la acusaci\u00f3n contra la banda que operaba entre Diamante y Paran\u00e1 y Santa Fe.<\/p>\n","protected":false},"excerpt":{"rendered":"<p>Este martes, a partir de las 9:30, se inicia en Paran&aacute; uno de los juicios m&aacute;s resonantes de los &uacute;ltimos a&ntilde;os en la regi&oacute;n. El Tribunal Oral en lo Criminal Federal, integrado por Noem&iacute; Berros, Maricel Rojas y Jos&eacute; Mar&iacute;a Escobar Cello, comenzar&aacute; al debate judicial oral contra Leonardo Airaldi &mdash;exdirector de la Sociedad Rural [&hellip;]<\/p>\n","protected":false},"author":2,"featured_media":33047,"comment_status":"closed","ping_status":"closed","sticky":false,"template":"","format":"standard","meta":{"footnotes":""},"categories":[90,3,8],"tags":[1350,879,95],"class_list":["post-33046","post","type-post","status-publish","format-standard","has-post-thumbnail","hentry","category-judicial","category-locales","category-policiales","tag-juicio","tag-leonardo-airaldi","tag-parana"],"_links":{"self":[{"href":"https:\/\/impactodenoticias.com.ar\/index.php?rest_route=\/wp\/v2\/posts\/33046","targetHints":{"allow":["GET"]}}],"collection":[{"href":"https:\/\/impactodenoticias.com.ar\/index.php?rest_route=\/wp\/v2\/posts"}],"about":[{"href":"https:\/\/impactodenoticias.com.ar\/index.php?rest_route=\/wp\/v2\/types\/post"}],"author":[{"embeddable":true,"href":"https:\/\/impactodenoticias.com.ar\/index.php?rest_route=\/wp\/v2\/users\/2"}],"replies":[{"embeddable":true,"href":"https:\/\/impactodenoticias.com.ar\/index.php?rest_route=%2Fwp%2Fv2%2Fcomments&post=33046"}],"version-history":[{"count":1,"href":"https:\/\/impactodenoticias.com.ar\/index.php?rest_route=\/wp\/v2\/posts\/33046\/revisions"}],"predecessor-version":[{"id":33048,"href":"https:\/\/impactodenoticias.com.ar\/index.php?rest_route=\/wp\/v2\/posts\/33046\/revisions\/33048"}],"wp:featuredmedia":[{"embeddable":true,"href":"https:\/\/impactodenoticias.com.ar\/index.php?rest_route=\/wp\/v2\/media\/33047"}],"wp:attachment":[{"href":"https:\/\/impactodenoticias.com.ar\/index.php?rest_route=%2Fwp%2Fv2%2Fmedia&parent=33046"}],"wp:term":[{"taxonomy":"category","embeddable":true,"href":"https:\/\/impactodenoticias.com.ar\/index.php?rest_route=%2Fwp%2Fv2%2Fcategories&post=33046"},{"taxonomy":"post_tag","embeddable":true,"href":"https:\/\/impactodenoticias.com.ar\/index.php?rest_route=%2Fwp%2Fv2%2Ftags&post=33046"}],"curies":[{"name":"wp","href":"https:\/\/api.w.org\/{rel}","templated":true}]}}