{"id":33049,"date":"2026-03-03T10:04:16","date_gmt":"2026-03-03T13:04:16","guid":{"rendered":"https:\/\/impactodenoticias.com.ar\/?p=33049"},"modified":"2026-03-04T09:38:32","modified_gmt":"2026-03-04T12:38:32","slug":"viale-las-autoridades-solicitan-ayuda-para-localizar-a-una-mujer-de-35-anos","status":"publish","type":"post","link":"https:\/\/impactodenoticias.com.ar\/?p=33049","title":{"rendered":"Viale: las autoridades solicitan ayuda para localizar a una mujer de 35 a\u00f1os"},"content":{"rendered":"\n<h2 class=\"wp-block-heading\">Desde la Unidad Fiscal de Ni\u00f1os, Ni\u00f1as y Adolescentes de Paran\u00e1 se solicita la colaboraci\u00f3n de la ciudadan\u00eda con el fin de dar con el paradero de Ivana Paola Noir, de 35 a\u00f1os.<\/h2>\n\n\n\n<p>Noir se ausent\u00f3 de su domicilio en Viale hace una semana, el martes 24 de febrero, y sus allegados nop tienen noticias de ella desde entonces.<\/p>\n\n\n\n<p>Su contextura f\u00edsica es robusta, tiene tez blanca, pelo rubio enrulado largo y posee tatuajes en un brazo, en el pecho y en una pierna.<\/p>\n\n\n\n<p>Cualquier informaci\u00f3n sobre el paradero puede suministrarse al 911.<\/p>\n","protected":false},"excerpt":{"rendered":"<p>Desde la Unidad Fiscal de Ni&ntilde;os, Ni&ntilde;as y Adolescentes de Paran&aacute; se solicita la colaboraci&oacute;n de la ciudadan&iacute;a con el fin de dar con el paradero de Ivana Paola Noir, de 35 a&ntilde;os. Noir se ausent&oacute; de su domicilio en Viale hace una semana, el martes 24 de febrero, y sus allegados nop tienen noticias [&hellip;]<\/p>\n","protected":false},"author":2,"featured_media":33050,"comment_status":"closed","ping_status":"closed","sticky":false,"template":"","format":"standard","meta":{"footnotes":""},"categories":[90,3,8],"tags":[251,2820,1412],"class_list":["post-33049","post","type-post","status-publish","format-standard","has-post-thumbnail","hentry","category-judicial","category-locales","category-policiales","tag-busqueda","tag-ivana-paola-noir","tag-viale"],"_links":{"self":[{"href":"https:\/\/impactodenoticias.com.ar\/index.php?rest_route=\/wp\/v2\/posts\/33049","targetHints":{"allow":["GET"]}}],"collection":[{"href":"https:\/\/impactodenoticias.com.ar\/index.php?rest_route=\/wp\/v2\/posts"}],"about":[{"href":"https:\/\/impactodenoticias.com.ar\/index.php?rest_route=\/wp\/v2\/types\/post"}],"author":[{"embeddable":true,"href":"https:\/\/impactodenoticias.com.ar\/index.php?rest_route=\/wp\/v2\/users\/2"}],"replies":[{"embeddable":true,"href":"https:\/\/impactodenoticias.com.ar\/index.php?rest_route=%2Fwp%2Fv2%2Fcomments&post=33049"}],"version-history":[{"count":1,"href":"https:\/\/impactodenoticias.com.ar\/index.php?rest_route=\/wp\/v2\/posts\/33049\/revisions"}],"predecessor-version":[{"id":33051,"href":"https:\/\/impactodenoticias.com.ar\/index.php?rest_route=\/wp\/v2\/posts\/33049\/revisions\/33051"}],"wp:featuredmedia":[{"embeddable":true,"href":"https:\/\/impactodenoticias.com.ar\/index.php?rest_route=\/wp\/v2\/media\/33050"}],"wp:attachment":[{"href":"https:\/\/impactodenoticias.com.ar\/index.php?rest_route=%2Fwp%2Fv2%2Fmedia&parent=33049"}],"wp:term":[{"taxonomy":"category","embeddable":true,"href":"https:\/\/impactodenoticias.com.ar\/index.php?rest_route=%2Fwp%2Fv2%2Fcategories&post=33049"},{"taxonomy":"post_tag","embeddable":true,"href":"https:\/\/impactodenoticias.com.ar\/index.php?rest_route=%2Fwp%2Fv2%2Ftags&post=33049"}],"curies":[{"name":"wp","href":"https:\/\/api.w.org\/{rel}","templated":true}]}}