{"id":33059,"date":"2026-03-03T10:35:06","date_gmt":"2026-03-03T13:35:06","guid":{"rendered":"https:\/\/impactodenoticias.com.ar\/?p=33059"},"modified":"2026-03-03T10:35:06","modified_gmt":"2026-03-03T13:35:06","slug":"parana-tras-el-paso-de-la-tormenta-se-registro-un-socavon-de-10-metros-de-profundidad-que-puso-en-estado-de-alerta-a-vecinos","status":"publish","type":"post","link":"https:\/\/impactodenoticias.com.ar\/?p=33059","title":{"rendered":"Paran\u00e1: tras el paso de la tormenta se registr\u00f3 un socav\u00f3n de 10 metros de profundidad que puso en estado de alerta a vecinos"},"content":{"rendered":"\n<h2 class=\"wp-block-heading\">Una impactante tormenta cay\u00f3 sobre Paran\u00e1 durante la madrugada de este martes y gener\u00f3 destrozos en difererentes puntos de la ciudad. El foco m\u00e1s cr\u00edtico se encuentra en el barrio Francisco Ram\u00edrez, donde un socav\u00f3n preexistente cedi\u00f3 ante la fuerza del agua, alcanzando una profundidad de 10 metros, que alert\u00f3 a vecinos cercanos al lugar.<\/h2>\n\n\n\n<p>Lucas Garc\u00eda, a cargo de Protecci\u00f3n Civil de la Municipalidad, se\u00f1al\u00f3 que el fen\u00f3meno se inici\u00f3 aproximadamente a la 1:20 con fuertes r\u00e1fagas y precipitaciones intensas. \u201cHoy tuvimos anegamientos en domicilios y un hundimiento mayor en el socav\u00f3n, el cual gener\u00f3 un pozo de 10 metros de profundidad\u201c, explic\u00f3 el funcionario.<\/p>\n\n\n\n<p>Consultado sobre el peligro para los vecinos del lugar, Garc\u00eda indic\u00f3 que, si bien la estructura de las viviendas a\u00fan no est\u00e1 comprometida, la cercan\u00eda del pozo obliga a un monitoreo constante. \u201cSe est\u00e1 esperando a los ingenieros para relevar mejor la situaci\u00f3n, pero desde Protecci\u00f3n Civil lo primero que hacemos es poner a resguardo a los vecinos y verificar el comportamiento del terreno\u201d, agreg\u00f3.<\/p>\n\n\n\n<p>Hasta el momento, los registros oficiales se\u00f1alan que han ca\u00eddo aproximadamente 45 mil\u00edmetros de agua en Paran\u00e1. El temporal incluy\u00f3 r\u00e1fagas de viento que provocaron la ca\u00edda de \u00e1rboles en diversos puntos de la ciudad, obligando a un operativo de emergencia entre la 1:30 y las 3:00 de la ma\u00f1ana para despejar las calles.<\/p>\n\n\n\n<p>Adem\u00e1s del barrio Gaucho Rivero, las cuadrillas municipales supervisaron zonas cr\u00edticas de acumulaci\u00f3n de agua, como las inmediaciones del Club Patronato, y las intersecciones de Almafuerte y Divisi\u00f3n de los Andes, donde suelen formarse grandes espejos de agua.<\/p>\n\n\n\n<p>Finalizando el funcionario municipal record\u00f3 que la provincia contin\u00faa bajo alerta amarillo y recomend\u00f3 a la poblaci\u00f3n circular con extrema precauci\u00f3n. Ante cualquier eventualidad o riesgo en la v\u00eda p\u00fablica, los vecinos pueden comunicarse a la l\u00ednea de emergencia 103 de Protecci\u00f3n Civil.<\/p>\n\n\n\n<p><\/p>\n\n\n\n<figure class=\"wp-block-video\"><video height=\"478\" style=\"aspect-ratio: 848 \/ 478;\" width=\"848\" controls src=\"https:\/\/impactodenoticias.com.ar\/wp-content\/uploads\/2026\/03\/WhatsApp-Video-2026-03-03-at-8.49.20-AM.mp4\"><\/video><\/figure>\n\n\n\n<p><\/p>\n\n\n\n<p><\/p>\n","protected":false},"excerpt":{"rendered":"<p>Una impactante tormenta cay&oacute; sobre Paran&aacute; durante la madrugada de este martes y gener&oacute; destrozos en difererentes puntos de la ciudad. El foco m&aacute;s cr&iacute;tico se encuentra en el barrio Francisco Ram&iacute;rez, donde un socav&oacute;n preexistente cedi&oacute; ante la fuerza del agua, alcanzando una profundidad de 10 metros, que alert&oacute; a vecinos cercanos al lugar. [&hellip;]<\/p>\n","protected":false},"author":2,"featured_media":33061,"comment_status":"closed","ping_status":"closed","sticky":false,"template":"","format":"standard","meta":{"footnotes":""},"categories":[3,1902,49],"tags":[95,6628,2193],"class_list":["post-33059","post","type-post","status-publish","format-standard","has-post-thumbnail","hentry","category-locales","category-municipales","category-sociedad","tag-parana","tag-socavon","tag-temporal"],"_links":{"self":[{"href":"https:\/\/impactodenoticias.com.ar\/index.php?rest_route=\/wp\/v2\/posts\/33059","targetHints":{"allow":["GET"]}}],"collection":[{"href":"https:\/\/impactodenoticias.com.ar\/index.php?rest_route=\/wp\/v2\/posts"}],"about":[{"href":"https:\/\/impactodenoticias.com.ar\/index.php?rest_route=\/wp\/v2\/types\/post"}],"author":[{"embeddable":true,"href":"https:\/\/impactodenoticias.com.ar\/index.php?rest_route=\/wp\/v2\/users\/2"}],"replies":[{"embeddable":true,"href":"https:\/\/impactodenoticias.com.ar\/index.php?rest_route=%2Fwp%2Fv2%2Fcomments&post=33059"}],"version-history":[{"count":1,"href":"https:\/\/impactodenoticias.com.ar\/index.php?rest_route=\/wp\/v2\/posts\/33059\/revisions"}],"predecessor-version":[{"id":33062,"href":"https:\/\/impactodenoticias.com.ar\/index.php?rest_route=\/wp\/v2\/posts\/33059\/revisions\/33062"}],"wp:featuredmedia":[{"embeddable":true,"href":"https:\/\/impactodenoticias.com.ar\/index.php?rest_route=\/wp\/v2\/media\/33061"}],"wp:attachment":[{"href":"https:\/\/impactodenoticias.com.ar\/index.php?rest_route=%2Fwp%2Fv2%2Fmedia&parent=33059"}],"wp:term":[{"taxonomy":"category","embeddable":true,"href":"https:\/\/impactodenoticias.com.ar\/index.php?rest_route=%2Fwp%2Fv2%2Fcategories&post=33059"},{"taxonomy":"post_tag","embeddable":true,"href":"https:\/\/impactodenoticias.com.ar\/index.php?rest_route=%2Fwp%2Fv2%2Ftags&post=33059"}],"curies":[{"name":"wp","href":"https:\/\/api.w.org\/{rel}","templated":true}]}}