{"id":33064,"date":"2026-03-03T10:49:17","date_gmt":"2026-03-03T13:49:17","guid":{"rendered":"https:\/\/impactodenoticias.com.ar\/?p=33064"},"modified":"2026-03-03T10:49:17","modified_gmt":"2026-03-03T13:49:17","slug":"parana-un-vehiculo-cayo-en-un-socavon-en-pleno-microcentro-de-la-ciudad","status":"publish","type":"post","link":"https:\/\/impactodenoticias.com.ar\/?p=33064","title":{"rendered":"Paran\u00e1: un veh\u00edculo cay\u00f3 en un socav\u00f3n en pleno microcentro de la ciudad"},"content":{"rendered":"\n<h2 class=\"wp-block-heading\">Un auto qued\u00f3 en medio en un socav\u00f3n que se profundiz\u00f3 en calle Corrientes, en pleno microcentro de Paran\u00e1, ocurri\u00f3 este martes, en el marco de las intensas lluvias que se desataron sobre la ciudad desde la madrugada.<\/h2>\n\n\n\n<p>El autom\u00f3vil marca Renault Cl\u00edo cay\u00f3 en un socav\u00f3n que se abri\u00f3 por las lluvias en calle Corrientes al 300 entre La Paz y Col\u00f3n. La rueda delantera derecha qued\u00f3 atrapada, gereando la inmovilidad del auto. Personal de Protecci\u00f3n Civil de la Municipalidad tuvo que intervenir para poder retirarlo.<\/p>\n\n\n\n<p>En otros puntos de la ciudad se viven situaciones m\u00e1s dram\u00e1ticas aun. En el barrio Pancho Ram\u00edrez un socav\u00f3n de unos 10 metros de profundidad abierto en el polideportivo tiene preocupados a los vecinos.<\/p>\n\n\n\n<p><\/p>\n\n\n\n<figure class=\"wp-block-embed is-type-wp-embed is-provider-incrustado wp-block-embed-incrustado\"><div class=\"wp-block-embed__wrapper\">\n<blockquote class=\"wp-embedded-content\" data-secret=\"ugHvVFhju2\"><a href=\"https:\/\/impactodenoticias.com.ar\/?p=33059\">Paran\u00e1: tras el paso de la tormenta se registr\u00f3 un socav\u00f3n de 10 metros de profundidad que puso en estado de alerta a vecinos<\/a><\/blockquote><iframe loading=\"lazy\" class=\"wp-embedded-content\" sandbox=\"allow-scripts\" security=\"restricted\" style=\"position: absolute; visibility: hidden;\" title=\"\u00abParan\u00e1: tras el paso de la tormenta se registr\u00f3 un socav\u00f3n de 10 metros de profundidad que puso en estado de alerta a vecinos\u00bb \u2014 \" src=\"https:\/\/impactodenoticias.com.ar\/?p=33059&#038;embed=true#?secret=XiE0NzhZsp#?secret=ugHvVFhju2\" data-secret=\"ugHvVFhju2\" width=\"600\" height=\"338\" frameborder=\"0\" marginwidth=\"0\" marginheight=\"0\" scrolling=\"no\"><\/iframe>\n<\/div><\/figure>\n\n\n\n<p><\/p>\n\n\n\n<p>Las intensas lluvias ca\u00eddas de este martes generaron un operativo de Protecci\u00f3n Civil de la Municipalidad, que atiende contingencias en diversos puntos de la ciudad.<\/p>\n\n\n\n<p><\/p>\n","protected":false},"excerpt":{"rendered":"<p>Un auto qued&oacute; en medio en un socav&oacute;n que se profundiz&oacute; en calle Corrientes, en pleno microcentro de Paran&aacute;, ocurri&oacute; este martes, en el marco de las intensas lluvias que se desataron sobre la ciudad desde la madrugada. El autom&oacute;vil marca Renault Cl&iacute;o cay&oacute; en un socav&oacute;n que se abri&oacute; por las lluvias en calle [&hellip;]<\/p>\n","protected":false},"author":2,"featured_media":33065,"comment_status":"closed","ping_status":"closed","sticky":false,"template":"","format":"standard","meta":{"footnotes":""},"categories":[3,8],"tags":[507,95,6628],"class_list":["post-33064","post","type-post","status-publish","format-standard","has-post-thumbnail","hentry","category-locales","category-policiales","tag-auto","tag-parana","tag-socavon"],"_links":{"self":[{"href":"https:\/\/impactodenoticias.com.ar\/index.php?rest_route=\/wp\/v2\/posts\/33064","targetHints":{"allow":["GET"]}}],"collection":[{"href":"https:\/\/impactodenoticias.com.ar\/index.php?rest_route=\/wp\/v2\/posts"}],"about":[{"href":"https:\/\/impactodenoticias.com.ar\/index.php?rest_route=\/wp\/v2\/types\/post"}],"author":[{"embeddable":true,"href":"https:\/\/impactodenoticias.com.ar\/index.php?rest_route=\/wp\/v2\/users\/2"}],"replies":[{"embeddable":true,"href":"https:\/\/impactodenoticias.com.ar\/index.php?rest_route=%2Fwp%2Fv2%2Fcomments&post=33064"}],"version-history":[{"count":1,"href":"https:\/\/impactodenoticias.com.ar\/index.php?rest_route=\/wp\/v2\/posts\/33064\/revisions"}],"predecessor-version":[{"id":33066,"href":"https:\/\/impactodenoticias.com.ar\/index.php?rest_route=\/wp\/v2\/posts\/33064\/revisions\/33066"}],"wp:featuredmedia":[{"embeddable":true,"href":"https:\/\/impactodenoticias.com.ar\/index.php?rest_route=\/wp\/v2\/media\/33065"}],"wp:attachment":[{"href":"https:\/\/impactodenoticias.com.ar\/index.php?rest_route=%2Fwp%2Fv2%2Fmedia&parent=33064"}],"wp:term":[{"taxonomy":"category","embeddable":true,"href":"https:\/\/impactodenoticias.com.ar\/index.php?rest_route=%2Fwp%2Fv2%2Fcategories&post=33064"},{"taxonomy":"post_tag","embeddable":true,"href":"https:\/\/impactodenoticias.com.ar\/index.php?rest_route=%2Fwp%2Fv2%2Ftags&post=33064"}],"curies":[{"name":"wp","href":"https:\/\/api.w.org\/{rel}","templated":true}]}}