{"id":33073,"date":"2026-03-04T08:53:28","date_gmt":"2026-03-04T11:53:28","guid":{"rendered":"https:\/\/impactodenoticias.com.ar\/?p=33073"},"modified":"2026-03-04T08:53:28","modified_gmt":"2026-03-04T11:53:28","slug":"colon-el-conductor-de-una-moto-fue-trasladado-a-terapia-intensiva-tras-ser-embestido-por-una-camioneta","status":"publish","type":"post","link":"https:\/\/impactodenoticias.com.ar\/?p=33073","title":{"rendered":"Col\u00f3n: el conductor de una moto fue trasladado a terapia intensiva tras ser embestido por una camioneta"},"content":{"rendered":"\n<h2 class=\"wp-block-heading\">El personal policial dependiente de Jefatura Departamental Col\u00f3n intervino en un grave choque ocurrido este martes de ma\u00f1ana en la intersecci\u00f3n de calles General Paz y Paso de Los Andes, de Col\u00f3n.<\/h2>\n\n\n\n<p>Por causas que se est\u00e1n investigando, chocaron una camioneta Toyota Hilux, conducida por una mujer de 46 a\u00f1os, la cual circulaba por la segunda arteria en sentido este a oeste, y una motocicleta Yamaha YBR 150 cc, guiada por un joven de 30 a\u00f1os, quien lo hac\u00eda por la primer arteria en sentido sur a norte.<\/p>\n\n\n\n<p>Debido a la violencia del impacto, el conductor del rodado de menor porte result\u00f3 con lesiones de car\u00e1cter graves, siendo intervenido quir\u00fargicamente y permaneciendo internado en la Unidad de Terapia Intensiva del nosocomio local, con pron\u00f3stico reservado y sujeto a evoluci\u00f3n m\u00e9dica.<\/p>\n","protected":false},"excerpt":{"rendered":"<p>El personal policial dependiente de Jefatura Departamental Col&oacute;n intervino en un grave choque ocurrido este martes de ma&ntilde;ana en la intersecci&oacute;n de calles General Paz y Paso de Los Andes, de Col&oacute;n. Por causas que se est&aacute;n investigando, chocaron una camioneta Toyota Hilux, conducida por una mujer de 46 a&ntilde;os, la cual circulaba por la [&hellip;]<\/p>\n","protected":false},"author":2,"featured_media":33074,"comment_status":"closed","ping_status":"closed","sticky":false,"template":"","format":"standard","meta":{"footnotes":""},"categories":[8,4],"tags":[120,402,466,389,388],"class_list":["post-33073","post","type-post","status-publish","format-standard","has-post-thumbnail","hentry","category-policiales","category-provinciales","tag-accidente","tag-camioneta","tag-colon","tag-herido","tag-moto"],"_links":{"self":[{"href":"https:\/\/impactodenoticias.com.ar\/index.php?rest_route=\/wp\/v2\/posts\/33073","targetHints":{"allow":["GET"]}}],"collection":[{"href":"https:\/\/impactodenoticias.com.ar\/index.php?rest_route=\/wp\/v2\/posts"}],"about":[{"href":"https:\/\/impactodenoticias.com.ar\/index.php?rest_route=\/wp\/v2\/types\/post"}],"author":[{"embeddable":true,"href":"https:\/\/impactodenoticias.com.ar\/index.php?rest_route=\/wp\/v2\/users\/2"}],"replies":[{"embeddable":true,"href":"https:\/\/impactodenoticias.com.ar\/index.php?rest_route=%2Fwp%2Fv2%2Fcomments&post=33073"}],"version-history":[{"count":1,"href":"https:\/\/impactodenoticias.com.ar\/index.php?rest_route=\/wp\/v2\/posts\/33073\/revisions"}],"predecessor-version":[{"id":33075,"href":"https:\/\/impactodenoticias.com.ar\/index.php?rest_route=\/wp\/v2\/posts\/33073\/revisions\/33075"}],"wp:featuredmedia":[{"embeddable":true,"href":"https:\/\/impactodenoticias.com.ar\/index.php?rest_route=\/wp\/v2\/media\/33074"}],"wp:attachment":[{"href":"https:\/\/impactodenoticias.com.ar\/index.php?rest_route=%2Fwp%2Fv2%2Fmedia&parent=33073"}],"wp:term":[{"taxonomy":"category","embeddable":true,"href":"https:\/\/impactodenoticias.com.ar\/index.php?rest_route=%2Fwp%2Fv2%2Fcategories&post=33073"},{"taxonomy":"post_tag","embeddable":true,"href":"https:\/\/impactodenoticias.com.ar\/index.php?rest_route=%2Fwp%2Fv2%2Ftags&post=33073"}],"curies":[{"name":"wp","href":"https:\/\/api.w.org\/{rel}","templated":true}]}}