{"id":33083,"date":"2026-03-04T09:38:12","date_gmt":"2026-03-04T12:38:12","guid":{"rendered":"https:\/\/impactodenoticias.com.ar\/?p=33083"},"modified":"2026-03-05T10:27:04","modified_gmt":"2026-03-05T13:27:04","slug":"agmer-concentro-con-velas-en-rechazo-a-la-propuesta-salarial-y-ratifico-el-plan-de-lucha","status":"publish","type":"post","link":"https:\/\/impactodenoticias.com.ar\/?p=33083","title":{"rendered":"Agmer concentr\u00f3 con velas en rechazo a la propuesta salarial y ratific\u00f3 el plan de lucha"},"content":{"rendered":"\n<h2 class=\"wp-block-heading\">Docentes llevaron a cabo una concentraci\u00f3n frente al Consejo General de Educaci\u00f3n (CGE) para manifestar su descontento con la \u00faltima propuesta presentada en la mesa paritaria.<\/h2>\n\n\n\n<p>\u201cEl paro fue definido por Congreso; esta actividad es independiente, pero forma parte del reclamo que venimos sosteniendo\u201d, se\u00f1al\u00f3 el secretario general de la Asociaci\u00f3n Gremial del Magisterio de Entre R\u00edos (Agmer), Abel Antivero.<\/p>\n\n\n\n<p>Sobre el nivel de adhesi\u00f3n a la medida de fuerza, precis\u00f3 que este martes el acatamiento rond\u00f3 el 70% en la provincia. \u201cBaj\u00f3 un poco, es entendible, pero aun as\u00ed ponemos en valor que fue del 70% y no del 40% como sostiene el Gobierno\u201d, asegur\u00f3. En ese sentido, asever\u00f3 que el malestar de las bases contin\u00faa vigente y que el descontento se vincula principalmente con la p\u00e9rdida de poder adquisitivo. \u201cNo se est\u00e1 llegando a fin de mes y la propuesta no resuelve la cuesti\u00f3n econ\u00f3mica\u201d, subray\u00f3.<\/p>\n\n\n\n<p>Sobre los pasos a seguir, se\u00f1al\u00f3 que formalmente se dio inicio al Frente Sindical Docente, integrado por Agmer, AMET, Sadop y UDA, y que las pr\u00f3ximas acciones ser\u00e1n coordinadas en conjunto. \u201cTodas las actividades que vayamos a hacer ser\u00e1n en unidad\u201d, asegur\u00f3.<\/p>\n\n\n\n<p><strong>La conferencia de Prensa del Frente Sindical Salarial Docente<\/strong><\/p>\n\n\n\n<p>En lo inmediato, el gremio convocar\u00e1 a un plenario de secretarios generales de los 17 departamentos de la provincia, donde se estudiar\u00e1 la situaci\u00f3n y se definir\u00e1n los pasos a seguir de cara a un nuevo congreso.<\/p>\n\n\n\n<p>Consultado por el significado de las velas en la protesta, Antivero se\u00f1al\u00f3 que el gesto tiene una carga simb\u00f3lica que a\u00fan se debate internamente. \u201cNo sabemos si es para velar la propuesta salarial o para que el Gobierno se ilumine y genere una oferta que responda a la necesidad de los docentes\u201d, concluy\u00f3.<\/p>\n","protected":false},"excerpt":{"rendered":"<p>Docentes llevaron a cabo una concentraci&oacute;n frente al Consejo General de Educaci&oacute;n (CGE) para manifestar su descontento con la &uacute;ltima propuesta presentada en la mesa paritaria. &ldquo;El paro fue definido por Congreso; esta actividad es independiente, pero forma parte del reclamo que venimos sosteniendo&rdquo;, se&ntilde;al&oacute; el secretario general de la Asociaci&oacute;n Gremial del Magisterio de [&hellip;]<\/p>\n","protected":false},"author":2,"featured_media":33084,"comment_status":"closed","ping_status":"closed","sticky":false,"template":"","format":"standard","meta":{"footnotes":""},"categories":[91,3,11],"tags":[52,1410,1453],"class_list":["post-33083","post","type-post","status-publish","format-standard","has-post-thumbnail","hentry","category-gremiales","category-locales","category-politica","tag-agmer","tag-cge","tag-reclamo"],"_links":{"self":[{"href":"https:\/\/impactodenoticias.com.ar\/index.php?rest_route=\/wp\/v2\/posts\/33083","targetHints":{"allow":["GET"]}}],"collection":[{"href":"https:\/\/impactodenoticias.com.ar\/index.php?rest_route=\/wp\/v2\/posts"}],"about":[{"href":"https:\/\/impactodenoticias.com.ar\/index.php?rest_route=\/wp\/v2\/types\/post"}],"author":[{"embeddable":true,"href":"https:\/\/impactodenoticias.com.ar\/index.php?rest_route=\/wp\/v2\/users\/2"}],"replies":[{"embeddable":true,"href":"https:\/\/impactodenoticias.com.ar\/index.php?rest_route=%2Fwp%2Fv2%2Fcomments&post=33083"}],"version-history":[{"count":1,"href":"https:\/\/impactodenoticias.com.ar\/index.php?rest_route=\/wp\/v2\/posts\/33083\/revisions"}],"predecessor-version":[{"id":33085,"href":"https:\/\/impactodenoticias.com.ar\/index.php?rest_route=\/wp\/v2\/posts\/33083\/revisions\/33085"}],"wp:featuredmedia":[{"embeddable":true,"href":"https:\/\/impactodenoticias.com.ar\/index.php?rest_route=\/wp\/v2\/media\/33084"}],"wp:attachment":[{"href":"https:\/\/impactodenoticias.com.ar\/index.php?rest_route=%2Fwp%2Fv2%2Fmedia&parent=33083"}],"wp:term":[{"taxonomy":"category","embeddable":true,"href":"https:\/\/impactodenoticias.com.ar\/index.php?rest_route=%2Fwp%2Fv2%2Fcategories&post=33083"},{"taxonomy":"post_tag","embeddable":true,"href":"https:\/\/impactodenoticias.com.ar\/index.php?rest_route=%2Fwp%2Fv2%2Ftags&post=33083"}],"curies":[{"name":"wp","href":"https:\/\/api.w.org\/{rel}","templated":true}]}}