{"id":33086,"date":"2026-03-04T19:51:37","date_gmt":"2026-03-04T22:51:37","guid":{"rendered":"https:\/\/impactodenoticias.com.ar\/?p=33086"},"modified":"2026-03-05T10:27:08","modified_gmt":"2026-03-05T13:27:08","slug":"cesantearon-a-un-trabajador-de-la-direccion-de-comedores-que-falto-mas-de-200-veces-de-forma-injustificadas","status":"publish","type":"post","link":"https:\/\/impactodenoticias.com.ar\/?p=33086","title":{"rendered":"Cesantearon a un trabajador de la Direcci\u00f3n de Comedores que falt\u00f3 mas de 200 veces de forma injustificadas"},"content":{"rendered":"\n<h2 class=\"wp-block-heading\">El gobierno provincial orden\u00f3 la cesant\u00eda de un trabajador que fue sometido a un sumario, debido a la acumulaci\u00f3n de m\u00e1s de 200 faltas sin justificar.<\/h2>\n\n\n\n<p>Seg\u00fan se supo, en el Bolet\u00edn Oficial de este mi\u00e9rcoles se public\u00f3 que decreto que aprob\u00f3 y dio por finalizado el Sumario Administrativo instruido mediante Decreto N\u00ba 583\/25 del Ministerio de Desarrollo Humano, al agente J.N.A., personal de la planta permanente de la Direcci\u00f3n de Comedores.<\/p>\n\n\n\n<p>El empleado, quien prestaba servicios en el Comedor Escolar de la Escuela N\u00ba 6 \u201cErnesto Bavio\u201d del Departamento Paran\u00e1, incurri\u00f3 en 206 inasistencias injustificadas a su lugar de trabajo en el a\u00f1o 2024.<\/p>\n\n\n\n<p>Habi\u00e9ndose acreditado los cargos que se le endilgaron en el decreto mencionado, se encontr\u00f3 su conducta tipificada en la causal de cesant\u00eda.<\/p>\n\n\n\n<p>El decreto publicado este martes lleva la firma del gobernador Rogelio Frigerio y la ministra de Desarrollo Humano, Ver\u00f3nica Berisso.<\/p>\n","protected":false},"excerpt":{"rendered":"<p>El gobierno provincial orden&oacute; la cesant&iacute;a de un trabajador que fue sometido a un sumario, debido a la acumulaci&oacute;n de m&aacute;s de 200 faltas sin justificar. Seg&uacute;n se supo, en el Bolet&iacute;n Oficial de este mi&eacute;rcoles se public&oacute; que decreto que aprob&oacute; y dio por finalizado el Sumario Administrativo instruido mediante Decreto N&ordm; 583\/25 del [&hellip;]<\/p>\n","protected":false},"author":2,"featured_media":33087,"comment_status":"closed","ping_status":"closed","sticky":false,"template":"","format":"standard","meta":{"footnotes":""},"categories":[90,4],"tags":[6633,581,2379],"class_list":["post-33086","post","type-post","status-publish","format-standard","has-post-thumbnail","hentry","category-judicial","category-provinciales","tag-cesanteado","tag-comedores","tag-direccion"],"_links":{"self":[{"href":"https:\/\/impactodenoticias.com.ar\/index.php?rest_route=\/wp\/v2\/posts\/33086","targetHints":{"allow":["GET"]}}],"collection":[{"href":"https:\/\/impactodenoticias.com.ar\/index.php?rest_route=\/wp\/v2\/posts"}],"about":[{"href":"https:\/\/impactodenoticias.com.ar\/index.php?rest_route=\/wp\/v2\/types\/post"}],"author":[{"embeddable":true,"href":"https:\/\/impactodenoticias.com.ar\/index.php?rest_route=\/wp\/v2\/users\/2"}],"replies":[{"embeddable":true,"href":"https:\/\/impactodenoticias.com.ar\/index.php?rest_route=%2Fwp%2Fv2%2Fcomments&post=33086"}],"version-history":[{"count":1,"href":"https:\/\/impactodenoticias.com.ar\/index.php?rest_route=\/wp\/v2\/posts\/33086\/revisions"}],"predecessor-version":[{"id":33088,"href":"https:\/\/impactodenoticias.com.ar\/index.php?rest_route=\/wp\/v2\/posts\/33086\/revisions\/33088"}],"wp:featuredmedia":[{"embeddable":true,"href":"https:\/\/impactodenoticias.com.ar\/index.php?rest_route=\/wp\/v2\/media\/33087"}],"wp:attachment":[{"href":"https:\/\/impactodenoticias.com.ar\/index.php?rest_route=%2Fwp%2Fv2%2Fmedia&parent=33086"}],"wp:term":[{"taxonomy":"category","embeddable":true,"href":"https:\/\/impactodenoticias.com.ar\/index.php?rest_route=%2Fwp%2Fv2%2Fcategories&post=33086"},{"taxonomy":"post_tag","embeddable":true,"href":"https:\/\/impactodenoticias.com.ar\/index.php?rest_route=%2Fwp%2Fv2%2Ftags&post=33086"}],"curies":[{"name":"wp","href":"https:\/\/api.w.org\/{rel}","templated":true}]}}