{"id":33101,"date":"2026-03-05T10:18:28","date_gmt":"2026-03-05T13:18:28","guid":{"rendered":"https:\/\/impactodenoticias.com.ar\/?p=33101"},"modified":"2026-03-05T10:18:28","modified_gmt":"2026-03-05T13:18:28","slug":"parana-fueron-allanadas-viviendas-de-empleados-de-una-concesionaria-de-autos-debido-a-un-hurto-millonario","status":"publish","type":"post","link":"https:\/\/impactodenoticias.com.ar\/?p=33101","title":{"rendered":"Paran\u00e1: fueron allanadas viviendas de empleados de una concesionaria de autos debido a un hurto millonario"},"content":{"rendered":"\n<h2 class=\"wp-block-heading\">Una investigaci\u00f3n policial iniciada tras el robo de d\u00f3lares, hecho registrado el 15 de enero en una concesionaria de avenida Almafuerte de la ciudad de Paran\u00e1, y que deriv\u00f3 en una serie de allanamientos desarrollados este mi\u00e9rcoles en distintos domicilios de la ciudad.<\/h2>\n\n\n\n<p>Los procedimientos policiales estuvieron a cargo de la Divisi\u00f3n Robos y Hurtos y termin\u00f3 con el secustro de dinero en moneda nacional y extranjera, adem\u00e1s de dispositivos celulares. Los operativos se realizaron antes que los trabajadores salgan para su empleo en la empresa que comercializa autom\u00f3viles y utilitarios.<\/p>\n\n\n\n<p>En una vivienda de la zona de Divisi\u00f3n de los Andes se incautaron m\u00e1s de 2.500 d\u00f3lares, aproximadamente cuatro millones de pesos argentinos y un tel\u00e9fono celular que ser\u00e1 sometido a peritajes. En otro domicilio, ubicado en calle Fraternidad, se secuestraron varios tel\u00e9fonos celulares que podr\u00edan aportar m\u00e1s elementos de inter\u00e9s para la causa.<\/p>\n\n\n\n<p>El hecho investigado corresponde al hurto de unos 20.000 d\u00f3lares denunciado por un comerciante de Paran\u00e1. Los ladrones desconectaron el sistema de videovigilancia y pensaron que con eso bastaba para no ser descubiertos. No obstante, el arduo trabajo de los funcionarios de Robos y Hurtos logr\u00f3 obtener la pista de los presuntos autores del il\u00edcito.<\/p>\n\n\n\n<p>Seg\u00fan se inform\u00f3, un empleado qued\u00f3 supeditado a la causa y los elementos secuestrados ser\u00e1n analizados en los pr\u00f3ximos d\u00edas. La fiscal Jimena Ballestero, de Atenci\u00f3n Primera, supervisa la investigaci\u00f3n que avanza.<\/p>\n","protected":false},"excerpt":{"rendered":"<p>Una investigaci&oacute;n policial iniciada tras el robo de d&oacute;lares, hecho registrado el 15 de enero en una concesionaria de avenida Almafuerte de la ciudad de Paran&aacute;, y que deriv&oacute; en una serie de allanamientos desarrollados este mi&eacute;rcoles en distintos domicilios de la ciudad. Los procedimientos policiales estuvieron a cargo de la Divisi&oacute;n Robos y Hurtos [&hellip;]<\/p>\n","protected":false},"author":2,"featured_media":33102,"comment_status":"closed","ping_status":"closed","sticky":false,"template":"","format":"standard","meta":{"footnotes":""},"categories":[3,8],"tags":[395,2891,548,95,147],"class_list":["post-33101","post","type-post","status-publish","format-standard","has-post-thumbnail","hentry","category-locales","category-policiales","tag-allanamiento","tag-concesionaria","tag-dolares","tag-parana","tag-robo"],"_links":{"self":[{"href":"https:\/\/impactodenoticias.com.ar\/index.php?rest_route=\/wp\/v2\/posts\/33101","targetHints":{"allow":["GET"]}}],"collection":[{"href":"https:\/\/impactodenoticias.com.ar\/index.php?rest_route=\/wp\/v2\/posts"}],"about":[{"href":"https:\/\/impactodenoticias.com.ar\/index.php?rest_route=\/wp\/v2\/types\/post"}],"author":[{"embeddable":true,"href":"https:\/\/impactodenoticias.com.ar\/index.php?rest_route=\/wp\/v2\/users\/2"}],"replies":[{"embeddable":true,"href":"https:\/\/impactodenoticias.com.ar\/index.php?rest_route=%2Fwp%2Fv2%2Fcomments&post=33101"}],"version-history":[{"count":1,"href":"https:\/\/impactodenoticias.com.ar\/index.php?rest_route=\/wp\/v2\/posts\/33101\/revisions"}],"predecessor-version":[{"id":33103,"href":"https:\/\/impactodenoticias.com.ar\/index.php?rest_route=\/wp\/v2\/posts\/33101\/revisions\/33103"}],"wp:featuredmedia":[{"embeddable":true,"href":"https:\/\/impactodenoticias.com.ar\/index.php?rest_route=\/wp\/v2\/media\/33102"}],"wp:attachment":[{"href":"https:\/\/impactodenoticias.com.ar\/index.php?rest_route=%2Fwp%2Fv2%2Fmedia&parent=33101"}],"wp:term":[{"taxonomy":"category","embeddable":true,"href":"https:\/\/impactodenoticias.com.ar\/index.php?rest_route=%2Fwp%2Fv2%2Fcategories&post=33101"},{"taxonomy":"post_tag","embeddable":true,"href":"https:\/\/impactodenoticias.com.ar\/index.php?rest_route=%2Fwp%2Fv2%2Ftags&post=33101"}],"curies":[{"name":"wp","href":"https:\/\/api.w.org\/{rel}","templated":true}]}}