{"id":33104,"date":"2026-03-05T10:26:43","date_gmt":"2026-03-05T13:26:43","guid":{"rendered":"https:\/\/impactodenoticias.com.ar\/?p=33104"},"modified":"2026-03-06T18:33:04","modified_gmt":"2026-03-06T21:33:04","slug":"debido-al-conflicto-en-medio-oriente-se-reforzo-la-seguridad-en-la-represa-de-salto-grande","status":"publish","type":"post","link":"https:\/\/impactodenoticias.com.ar\/?p=33104","title":{"rendered":"Debido al conflicto en Medio Oriente se reforz\u00f3 la seguridad en la represa de Salto Grande"},"content":{"rendered":"\n<h2 class=\"wp-block-heading\">Luego de la decisi\u00f3n del Gobierno nacional de elevar a \u00abalto\u00bb el nivel de seguridad en territorio nacional debido a la guerra en Medio Oriente entre Estados Unidos e Israel contra Ir\u00e1n, la Delegaci\u00f3n Argentina ante la Comisi\u00f3n T\u00e9cnica Mixta de la represa Salto Grande se reuni\u00f3 con autoridades de Gendarmer\u00eda y Prefectura para planificar un incremento de medidas de seguridad en el complejo ubicado en la frontera entrerriana con Uruguay.<\/h2>\n\n\n\n<p>El objetivo del encuentro fue \u201ccontinuar fortaleciendo las medidas preventivas y los dispositivos de resguardo del Complejo Hidroel\u00e9ctrico Salto Grande\u201d, se inform\u00f3 oficialmente desde la Represa.<\/p>\n\n\n\n<p>Fueron parte de la reuni\u00f3n, el presidente de la Delegaci\u00f3n Argentina, Alejandro Daneri; el vicepresidente, Pedro Galimberti; el gerente General de Salto Grande, Gustavo Araujo; el jefe del Escuadr\u00f3n 4 Concordia de Gendarmer\u00eda Nacional, Mat\u00edas Andr\u00e9s P\u00e9rez; el tiular de Prefectura Concordia, Jorge Horacio Ribinski; y el jefe de Prefectura Salto Grande, N\u00e9stor Alfredo Hoffmann.<\/p>\n\n\n\n<p><\/p>\n\n\n\n<figure class=\"wp-block-image size-full\"><img loading=\"lazy\" decoding=\"async\" width=\"634\" height=\"900\" src=\"https:\/\/impactodenoticias.com.ar\/wp-content\/uploads\/2026\/03\/HCQKby8XMAAeUHk.jpg\" alt=\"\" class=\"wp-image-33106\" srcset=\"https:\/\/impactodenoticias.com.ar\/wp-content\/uploads\/2026\/03\/HCQKby8XMAAeUHk.jpg 634w, https:\/\/impactodenoticias.com.ar\/wp-content\/uploads\/2026\/03\/HCQKby8XMAAeUHk-211x300.jpg 211w\" sizes=\"auto, (max-width: 634px) 100vw, 634px\" \/><\/figure>\n\n\n\n<p><\/p>\n\n\n\n<p>Ante la escalada militar entre Ir\u00e1n, Israel y los Estados Unidos, el fin de semana pasado, el gobierno nacional inform\u00f3 oficialmente que decidi\u00f3 elevar a ALTO el nivel de seguridad en todo el pa\u00eds. Seg\u00fan comunic\u00f3 la Oficina del Presidente, la medida alcanza a \u201ctodos los objetivos sensibles del pa\u00eds, as\u00ed como a la infraestructura cr\u00edtica, y la comunidad jud\u00eda, entre otros, con la finalidad de garantizar la integridad, la vida y la libertad de los habitantes en el territorio nacional\u201d.<\/p>\n\n\n\n<p>La represa hidroel\u00e9ctrica ubicada sobre el r\u00edo Uruguay en la frontera de Entre R\u00edos y Uruguay es uno de esos \u201cobjetivos sensibles\u201d, lo que gener\u00f3 el encuentro entre autoridades locales con Fuerzas Armadas. \u201cSe fortalecer\u00e1n, de modo preventivo, los dispositivos de protecci\u00f3n y seguridad de los objetivos referidos\u201d, indic\u00f3 el comunicado oficial del Gobierno d\u00edas atr\u00e1s.<\/p>\n","protected":false},"excerpt":{"rendered":"<p>Luego de la decisi&oacute;n del Gobierno nacional de elevar a &laquo;alto&raquo; el nivel de seguridad en territorio nacional debido a la guerra en Medio Oriente entre Estados Unidos e Israel contra Ir&aacute;n, la Delegaci&oacute;n Argentina ante la Comisi&oacute;n T&eacute;cnica Mixta de la represa Salto Grande se reuni&oacute; con autoridades de Gendarmer&iacute;a y Prefectura para planificar [&hellip;]<\/p>\n","protected":false},"author":2,"featured_media":33105,"comment_status":"closed","ping_status":"closed","sticky":false,"template":"","format":"standard","meta":{"footnotes":""},"categories":[11,4],"tags":[1436,6638,6637,938,536],"class_list":["post-33104","post","type-post","status-publish","format-standard","has-post-thumbnail","hentry","category-politica","category-provinciales","tag-conflicto","tag-medio-oriente","tag-refuerzo","tag-salto-grande","tag-seguridad"],"_links":{"self":[{"href":"https:\/\/impactodenoticias.com.ar\/index.php?rest_route=\/wp\/v2\/posts\/33104","targetHints":{"allow":["GET"]}}],"collection":[{"href":"https:\/\/impactodenoticias.com.ar\/index.php?rest_route=\/wp\/v2\/posts"}],"about":[{"href":"https:\/\/impactodenoticias.com.ar\/index.php?rest_route=\/wp\/v2\/types\/post"}],"author":[{"embeddable":true,"href":"https:\/\/impactodenoticias.com.ar\/index.php?rest_route=\/wp\/v2\/users\/2"}],"replies":[{"embeddable":true,"href":"https:\/\/impactodenoticias.com.ar\/index.php?rest_route=%2Fwp%2Fv2%2Fcomments&post=33104"}],"version-history":[{"count":1,"href":"https:\/\/impactodenoticias.com.ar\/index.php?rest_route=\/wp\/v2\/posts\/33104\/revisions"}],"predecessor-version":[{"id":33107,"href":"https:\/\/impactodenoticias.com.ar\/index.php?rest_route=\/wp\/v2\/posts\/33104\/revisions\/33107"}],"wp:featuredmedia":[{"embeddable":true,"href":"https:\/\/impactodenoticias.com.ar\/index.php?rest_route=\/wp\/v2\/media\/33105"}],"wp:attachment":[{"href":"https:\/\/impactodenoticias.com.ar\/index.php?rest_route=%2Fwp%2Fv2%2Fmedia&parent=33104"}],"wp:term":[{"taxonomy":"category","embeddable":true,"href":"https:\/\/impactodenoticias.com.ar\/index.php?rest_route=%2Fwp%2Fv2%2Fcategories&post=33104"},{"taxonomy":"post_tag","embeddable":true,"href":"https:\/\/impactodenoticias.com.ar\/index.php?rest_route=%2Fwp%2Fv2%2Ftags&post=33104"}],"curies":[{"name":"wp","href":"https:\/\/api.w.org\/{rel}","templated":true}]}}