{"id":33109,"date":"2026-03-05T18:06:45","date_gmt":"2026-03-05T21:06:45","guid":{"rendered":"https:\/\/impactodenoticias.com.ar\/?p=33109"},"modified":"2026-03-06T18:33:07","modified_gmt":"2026-03-06T21:33:07","slug":"locura-en-un-centro-de-salud-de-parana-hombre-desarmo-a-un-policia-y-disparo-al-jefe-de-comisaria","status":"publish","type":"post","link":"https:\/\/impactodenoticias.com.ar\/?p=33109","title":{"rendered":"Locura en un centro de salud de Paran\u00e1: hombre desarm\u00f3 a un polic\u00eda y dispar\u00f3 al jefe de Comisar\u00eda"},"content":{"rendered":"\n<h2 class=\"wp-block-heading\">Un grav\u00edsimo y violento hecho ocurri\u00f3 este jueves al mediod\u00eda en el Centro de Salud Ram\u00f3n Carrillo de la ciudad de Paran\u00e1, cuando un hombre que se encontraba dentro del establecimiento desat\u00f3 una situaci\u00f3n de extrema tensi\u00f3n que culmin\u00f3 con un funcionario policial herido de arma de fuego.<\/h2>\n\n\n\n<p>Seg\u00fan las primeras informaciones, la persona \u2014que ser\u00eda un paciente\u2014 se encontraba completamente fuera de control dentro del centro de salud, lo que gener\u00f3 preocupaci\u00f3n entre el personal y las personas que estaban en el lugar. Ante esta situaci\u00f3n, se pidi\u00f3 la presencia de la Polic\u00eda para intentar calmarlo y controlar el episodio.<\/p>\n\n\n\n<p>Pero, durante la intervenci\u00f3n, el hombre logr\u00f3 arrebatarle el arma reglamentaria a uno de los efectivos policiales y en medio del forcejeo efectu\u00f3 un disparo que impact\u00f3 en una de las piernas del jefe de la Comisar\u00eda Quinta, quien participaba del procedimiento.<\/p>\n\n\n\n<p>Luego del violento hecho, el jefe policial fue trasladado de urgencia al Hospital San Mart\u00edn para recibir atenci\u00f3n m\u00e9dica, mientras que el agresor fue reducido por los efectivos y qued\u00f3 detenido dentro del mismo Centro de Salud Carrillo.<\/p>\n\n\n\n<p>El hecho gener\u00f3 momentos de extrema tensi\u00f3n y conmoci\u00f3n dentro del establecimiento sanitario, donde r\u00e1pidamente se despleg\u00f3 un importante operativo policial.<\/p>\n\n\n\n<p>Las autoridades trabajan ahora para esclarecer las circunstancias del hecho y determinar c\u00f3mo se produjo el arrebato del arma reglamentaria durante el procedimiento policial.<\/p>\n\n\n\n<p><\/p>\n\n\n\n<figure class=\"wp-block-video\"><video height=\"720\" style=\"aspect-ratio: 1280 \/ 720;\" width=\"1280\" controls src=\"https:\/\/impactodenoticias.com.ar\/wp-content\/uploads\/2026\/03\/ataque-policia-carillo-parana.mp4\"><\/video><\/figure>\n\n\n\n<p><\/p>\n\n\n\n<p><\/p>\n","protected":false},"excerpt":{"rendered":"<p>Un grav&iacute;simo y violento hecho ocurri&oacute; este jueves al mediod&iacute;a en el Centro de Salud Ram&oacute;n Carrillo de la ciudad de Paran&aacute;, cuando un hombre que se encontraba dentro del establecimiento desat&oacute; una situaci&oacute;n de extrema tensi&oacute;n que culmin&oacute; con un funcionario policial herido de arma de fuego. Seg&uacute;n las primeras informaciones, la persona &mdash;que [&hellip;]<\/p>\n","protected":false},"author":2,"featured_media":33111,"comment_status":"closed","ping_status":"closed","sticky":false,"template":"","format":"standard","meta":{"footnotes":""},"categories":[3,8],"tags":[2991,146,95,426,1861,1127],"class_list":["post-33109","post","type-post","status-publish","format-standard","has-post-thumbnail","hentry","category-locales","category-policiales","tag-centro","tag-hombre","tag-parana","tag-policia","tag-ramon-carrillo","tag-salud"],"_links":{"self":[{"href":"https:\/\/impactodenoticias.com.ar\/index.php?rest_route=\/wp\/v2\/posts\/33109","targetHints":{"allow":["GET"]}}],"collection":[{"href":"https:\/\/impactodenoticias.com.ar\/index.php?rest_route=\/wp\/v2\/posts"}],"about":[{"href":"https:\/\/impactodenoticias.com.ar\/index.php?rest_route=\/wp\/v2\/types\/post"}],"author":[{"embeddable":true,"href":"https:\/\/impactodenoticias.com.ar\/index.php?rest_route=\/wp\/v2\/users\/2"}],"replies":[{"embeddable":true,"href":"https:\/\/impactodenoticias.com.ar\/index.php?rest_route=%2Fwp%2Fv2%2Fcomments&post=33109"}],"version-history":[{"count":1,"href":"https:\/\/impactodenoticias.com.ar\/index.php?rest_route=\/wp\/v2\/posts\/33109\/revisions"}],"predecessor-version":[{"id":33112,"href":"https:\/\/impactodenoticias.com.ar\/index.php?rest_route=\/wp\/v2\/posts\/33109\/revisions\/33112"}],"wp:featuredmedia":[{"embeddable":true,"href":"https:\/\/impactodenoticias.com.ar\/index.php?rest_route=\/wp\/v2\/media\/33111"}],"wp:attachment":[{"href":"https:\/\/impactodenoticias.com.ar\/index.php?rest_route=%2Fwp%2Fv2%2Fmedia&parent=33109"}],"wp:term":[{"taxonomy":"category","embeddable":true,"href":"https:\/\/impactodenoticias.com.ar\/index.php?rest_route=%2Fwp%2Fv2%2Fcategories&post=33109"},{"taxonomy":"post_tag","embeddable":true,"href":"https:\/\/impactodenoticias.com.ar\/index.php?rest_route=%2Fwp%2Fv2%2Ftags&post=33109"}],"curies":[{"name":"wp","href":"https:\/\/api.w.org\/{rel}","templated":true}]}}