{"id":33113,"date":"2026-03-05T18:15:51","date_gmt":"2026-03-05T21:15:51","guid":{"rendered":"https:\/\/impactodenoticias.com.ar\/?p=33113"},"modified":"2026-03-05T18:16:49","modified_gmt":"2026-03-05T21:16:49","slug":"parana-se-prendio-un-galpon-abandonado-con-basura-acumulada-e-intervinieron-los-bomberos-voluntarios","status":"publish","type":"post","link":"https:\/\/impactodenoticias.com.ar\/?p=33113","title":{"rendered":"Paran\u00e1: se prendi\u00f3 un galp\u00f3n abandonado con basura acumulada e intervinieron los Bomberos Voluntarios"},"content":{"rendered":"\n<h2 class=\"wp-block-heading\">Un incendio se registr\u00f3 este jueves por la ma\u00f1ana en un galp\u00f3n abandonado ubicado en calle Blas Parera al 450, en Paran\u00e1. El foco \u00edgneo se origin\u00f3 en la basura acumulada dentro del predio y fue controlado por los bomberos, afortunadamente sin que se registraran heridos.<\/h2>\n\n\n\n<p>Una dotaci\u00f3n del Cuerpo Activo de Bomberos Voluntarios de Paran\u00e1 acudi\u00f3 al lugar luego de recibir un aviso por un incendio en el interior de un galp\u00f3n. Al llegar al lugar, los efectivos constataron que las llamas se hab\u00edan iniciado en acumulaciones de residuos dentro del edificio, que pertenece al predio de la ex empresa Imperial.<\/p>\n\n\n\n<p><\/p>\n\n\n\n<figure class=\"wp-block-image size-full\"><img loading=\"lazy\" decoding=\"async\" width=\"612\" height=\"369\" src=\"https:\/\/impactodenoticias.com.ar\/wp-content\/uploads\/2026\/03\/Parana-Incendio-Galpon-Abandonado-1-1.png\" alt=\"\" class=\"wp-image-33117\" srcset=\"https:\/\/impactodenoticias.com.ar\/wp-content\/uploads\/2026\/03\/Parana-Incendio-Galpon-Abandonado-1-1.png 612w, https:\/\/impactodenoticias.com.ar\/wp-content\/uploads\/2026\/03\/Parana-Incendio-Galpon-Abandonado-1-1-300x181.png 300w\" sizes=\"auto, (max-width: 612px) 100vw, 612px\" \/><\/figure>\n\n\n\n<p><\/p>\n\n\n\n<p>Los bomberos trabajaron en conjunto con personal de Bomberos Zapadores para sofocar el foco \u00edgneo y evitar que el fuego se propagara hacia otros sectores del predio. Luego de desarrolladas las tareas de extinci\u00f3n y enfriamiento, el incendio qued\u00f3 controlado y el \u00e1rea fue asegurada.<\/p>\n\n\n\n<p>Desde el cuartel recordaron que, ante cualquier emergencia, los vecinos pueden comunicarse con Bomberos Voluntarios de Paran\u00e1 a los tel\u00e9fonos 422-6999 o 3434-575-749<\/p>\n","protected":false},"excerpt":{"rendered":"<p>Un incendio se registr&oacute; este jueves por la ma&ntilde;ana en un galp&oacute;n abandonado ubicado en calle Blas Parera al 450, en Paran&aacute;. El foco &iacute;gneo se origin&oacute; en la basura acumulada dentro del predio y fue controlado por los bomberos, afortunadamente sin que se registraran heridos. Una dotaci&oacute;n del Cuerpo Activo de Bomberos Voluntarios de [&hellip;]<\/p>\n","protected":false},"author":2,"featured_media":33115,"comment_status":"closed","ping_status":"closed","sticky":false,"template":"","format":"standard","meta":{"footnotes":""},"categories":[3,8],"tags":[5696,1228,227,95],"class_list":["post-33113","post","type-post","status-publish","format-standard","has-post-thumbnail","hentry","category-locales","category-policiales","tag-abandonado","tag-galpon-2","tag-incendio","tag-parana"],"_links":{"self":[{"href":"https:\/\/impactodenoticias.com.ar\/index.php?rest_route=\/wp\/v2\/posts\/33113","targetHints":{"allow":["GET"]}}],"collection":[{"href":"https:\/\/impactodenoticias.com.ar\/index.php?rest_route=\/wp\/v2\/posts"}],"about":[{"href":"https:\/\/impactodenoticias.com.ar\/index.php?rest_route=\/wp\/v2\/types\/post"}],"author":[{"embeddable":true,"href":"https:\/\/impactodenoticias.com.ar\/index.php?rest_route=\/wp\/v2\/users\/2"}],"replies":[{"embeddable":true,"href":"https:\/\/impactodenoticias.com.ar\/index.php?rest_route=%2Fwp%2Fv2%2Fcomments&post=33113"}],"version-history":[{"count":2,"href":"https:\/\/impactodenoticias.com.ar\/index.php?rest_route=\/wp\/v2\/posts\/33113\/revisions"}],"predecessor-version":[{"id":33119,"href":"https:\/\/impactodenoticias.com.ar\/index.php?rest_route=\/wp\/v2\/posts\/33113\/revisions\/33119"}],"wp:featuredmedia":[{"embeddable":true,"href":"https:\/\/impactodenoticias.com.ar\/index.php?rest_route=\/wp\/v2\/media\/33115"}],"wp:attachment":[{"href":"https:\/\/impactodenoticias.com.ar\/index.php?rest_route=%2Fwp%2Fv2%2Fmedia&parent=33113"}],"wp:term":[{"taxonomy":"category","embeddable":true,"href":"https:\/\/impactodenoticias.com.ar\/index.php?rest_route=%2Fwp%2Fv2%2Fcategories&post=33113"},{"taxonomy":"post_tag","embeddable":true,"href":"https:\/\/impactodenoticias.com.ar\/index.php?rest_route=%2Fwp%2Fv2%2Ftags&post=33113"}],"curies":[{"name":"wp","href":"https:\/\/api.w.org\/{rel}","templated":true}]}}