{"id":33120,"date":"2026-03-05T18:23:04","date_gmt":"2026-03-05T21:23:04","guid":{"rendered":"https:\/\/impactodenoticias.com.ar\/?p=33120"},"modified":"2026-03-05T18:23:05","modified_gmt":"2026-03-05T21:23:05","slug":"concordia-hallaron-un-cuerpo-en-el-parque-san-carlos","status":"publish","type":"post","link":"https:\/\/impactodenoticias.com.ar\/?p=33120","title":{"rendered":"Concordia: hallaron un cuerpo en el Parque San Carlos"},"content":{"rendered":"\n<h2 class=\"wp-block-heading\">Un cuerpo fue encontrado en el Parque San Carlos de Concordia, generando conmoci\u00f3n entre quienes transitaban por la zona. Se hizo presente el personal policial, que constat\u00f3 la presencia del c\u00e1d\u00e1ver.<\/h2>\n\n\n\n<p>Seg\u00fan informaron fuentes policiales a <strong>IMPACTO DE NOTICIAS<\/strong>, los restos pertenecen a un hombre. La primera hip\u00f3tesis es que el sujeto se habr\u00eda quitado la vida, en medio de un complejo cuadro personal.<\/p>\n\n\n\n<p>En el lugar trabajaron los efectivos policiales para retirar el cuerpo, adem\u00e1s de las autoridades judiciales.<\/p>\n\n\n\n<p><\/p>\n","protected":false},"excerpt":{"rendered":"<p>Un cuerpo fue encontrado en el Parque San Carlos de Concordia, generando conmoci&oacute;n entre quienes transitaban por la zona. Se hizo presente el personal policial, que constat&oacute; la presencia del c&aacute;d&aacute;ver. Seg&uacute;n informaron fuentes policiales a IMPACTO DE NOTICIAS, los restos pertenecen a un hombre. La primera hip&oacute;tesis es que el sujeto se habr&iacute;a quitado [&hellip;]<\/p>\n","protected":false},"author":2,"featured_media":33121,"comment_status":"closed","ping_status":"closed","sticky":false,"template":"","format":"standard","meta":{"footnotes":""},"categories":[8,4],"tags":[6552,72,3136,6639],"class_list":["post-33120","post","type-post","status-publish","format-standard","has-post-thumbnail","hentry","category-policiales","category-provinciales","tag-cadaver","tag-concordia","tag-parque","tag-san-carlos"],"_links":{"self":[{"href":"https:\/\/impactodenoticias.com.ar\/index.php?rest_route=\/wp\/v2\/posts\/33120","targetHints":{"allow":["GET"]}}],"collection":[{"href":"https:\/\/impactodenoticias.com.ar\/index.php?rest_route=\/wp\/v2\/posts"}],"about":[{"href":"https:\/\/impactodenoticias.com.ar\/index.php?rest_route=\/wp\/v2\/types\/post"}],"author":[{"embeddable":true,"href":"https:\/\/impactodenoticias.com.ar\/index.php?rest_route=\/wp\/v2\/users\/2"}],"replies":[{"embeddable":true,"href":"https:\/\/impactodenoticias.com.ar\/index.php?rest_route=%2Fwp%2Fv2%2Fcomments&post=33120"}],"version-history":[{"count":1,"href":"https:\/\/impactodenoticias.com.ar\/index.php?rest_route=\/wp\/v2\/posts\/33120\/revisions"}],"predecessor-version":[{"id":33122,"href":"https:\/\/impactodenoticias.com.ar\/index.php?rest_route=\/wp\/v2\/posts\/33120\/revisions\/33122"}],"wp:featuredmedia":[{"embeddable":true,"href":"https:\/\/impactodenoticias.com.ar\/index.php?rest_route=\/wp\/v2\/media\/33121"}],"wp:attachment":[{"href":"https:\/\/impactodenoticias.com.ar\/index.php?rest_route=%2Fwp%2Fv2%2Fmedia&parent=33120"}],"wp:term":[{"taxonomy":"category","embeddable":true,"href":"https:\/\/impactodenoticias.com.ar\/index.php?rest_route=%2Fwp%2Fv2%2Fcategories&post=33120"},{"taxonomy":"post_tag","embeddable":true,"href":"https:\/\/impactodenoticias.com.ar\/index.php?rest_route=%2Fwp%2Fv2%2Ftags&post=33120"}],"curies":[{"name":"wp","href":"https:\/\/api.w.org\/{rel}","templated":true}]}}