{"id":33127,"date":"2026-03-06T18:07:38","date_gmt":"2026-03-06T21:07:38","guid":{"rendered":"https:\/\/impactodenoticias.com.ar\/?p=33127"},"modified":"2026-03-07T20:17:20","modified_gmt":"2026-03-07T23:17:20","slug":"asesinaron-a-un-condenado-en-el-interior-de-la-unidad-penal-n-1-de-parana-asesinaron-a-un-interno","status":"publish","type":"post","link":"https:\/\/impactodenoticias.com.ar\/?p=33127","title":{"rendered":"Asesinaron a un condeUnidad Penal N\u00b0 1 de Paran\u00e1: asesinaron a un interno"},"content":{"rendered":"\n<h2 class=\"wp-block-heading\">Un grav\u00edsimo hecho de violencia se registr\u00f3 en la tarde de este viernes en la Unidad Penal N\u00ba1 de Paran\u00e1, cuando ocurri\u00f3 una pelea entre internos termin\u00f3 con un recluso herido de gravedad. El interno fallecido ya fue identificado.<\/h2>\n\n\n\n<p>De acuerdo a las primeras informaciones recabadas por <strong>IMPACTO DE NOTICIAS<\/strong>, durante el enfrentamiento uno de los internos sufri\u00f3 lesiones cortantes que requirieron asistencia inmediata dentro del mismoestablecimiento penitenciario. Debido a la gravedad de las heridas, el hombre tuvo que ser trasladado de urgencia al Hospital San Mart\u00edn de Paran\u00e1, donde finalmente se confirm\u00f3 su muerte.<\/p>\n\n\n\n<p>El hecho desat\u00f3 un fuerte despliegue de personal penitenciario dentro de la unidad, mientras se intenta establecer c\u00f3mo se origin\u00f3 la ri\u00f1a y qui\u00e9nes participaron en el brutal incidente.<\/p>\n\n\n\n<p>Hasta el momento, las autoridades no brindaron mayores precisiones sobre la identidad del interno fallecido ni sobre los dem\u00e1s involucrados. La investigaci\u00f3n esta ahora en la Justicia y del Servicio Penitenciario de Entre R\u00edos, que buscan esclarecer las circunstancias del hecho y determinar responsabilidades.<\/p>\n\n\n\n<p><strong>Identificaron al interno fallecido<\/strong><\/p>\n\n\n\n<p>El Ministerio P\u00fablico Fiscal identific\u00f3 como\u00a0Mart\u00edn Luciano\u00a0Siegfried<strong>,<\/strong>\u00a0de 26 a\u00f1os, fallecido en el\u00a0Hospital San Mart\u00edn\u00a0luego de haber sido herido en el interior de un pabell\u00f3n de la Unidad Penal N\u00b01 de Paran\u00e1.<\/p>\n\n\n\n<p>Segun trascendidos aproximadamente a las 14.30, se produjo el traslado de varios internos hacia un pabell\u00f3n, quedando todos en el mismo sector. Aproximadamente una hora m\u00e1s tarde, personal penitenciario advirti\u00f3 un disturbio dentro del pabell\u00f3n y al ingresar constat\u00f3 que Siegfried presentaba<strong>\u00a0<\/strong>graves lesiones cortantes\u00a0y una importante p\u00e9rdida de sangre.<\/p>\n\n\n\n<p>El interno fue retiradorapidamente y llevado r\u00e1pidamente al hospital,\u00a0donde ingres\u00f3 a la sala de shock room, no obstante y a pesar del esfuerzo de los m\u00e9dicos, poco despu\u00e9s  se confirm\u00f3 su fallecimiento<strong>.<\/strong><\/p>\n","protected":false},"excerpt":{"rendered":"<p>Un grav&iacute;simo hecho de violencia se registr&oacute; en la tarde de este viernes en la Unidad Penal N&ordm;1 de Paran&aacute;, cuando ocurri&oacute; una pelea entre internos termin&oacute; con un recluso herido de gravedad. El interno fallecido ya fue identificado. De acuerdo a las primeras informaciones recabadas por IMPACTO DE NOTICIAS, durante el enfrentamiento uno de [&hellip;]<\/p>\n","protected":false},"author":2,"featured_media":33128,"comment_status":"closed","ping_status":"closed","sticky":false,"template":"","format":"standard","meta":{"footnotes":""},"categories":[3,8],"tags":[110,4375,95,2472],"class_list":["post-33127","post","type-post","status-publish","format-standard","has-post-thumbnail","hentry","category-locales","category-policiales","tag-asesinato","tag-interno","tag-parana","tag-unidad-penal-nro-1"],"_links":{"self":[{"href":"https:\/\/impactodenoticias.com.ar\/index.php?rest_route=\/wp\/v2\/posts\/33127","targetHints":{"allow":["GET"]}}],"collection":[{"href":"https:\/\/impactodenoticias.com.ar\/index.php?rest_route=\/wp\/v2\/posts"}],"about":[{"href":"https:\/\/impactodenoticias.com.ar\/index.php?rest_route=\/wp\/v2\/types\/post"}],"author":[{"embeddable":true,"href":"https:\/\/impactodenoticias.com.ar\/index.php?rest_route=\/wp\/v2\/users\/2"}],"replies":[{"embeddable":true,"href":"https:\/\/impactodenoticias.com.ar\/index.php?rest_route=%2Fwp%2Fv2%2Fcomments&post=33127"}],"version-history":[{"count":4,"href":"https:\/\/impactodenoticias.com.ar\/index.php?rest_route=\/wp\/v2\/posts\/33127\/revisions"}],"predecessor-version":[{"id":33160,"href":"https:\/\/impactodenoticias.com.ar\/index.php?rest_route=\/wp\/v2\/posts\/33127\/revisions\/33160"}],"wp:featuredmedia":[{"embeddable":true,"href":"https:\/\/impactodenoticias.com.ar\/index.php?rest_route=\/wp\/v2\/media\/33128"}],"wp:attachment":[{"href":"https:\/\/impactodenoticias.com.ar\/index.php?rest_route=%2Fwp%2Fv2%2Fmedia&parent=33127"}],"wp:term":[{"taxonomy":"category","embeddable":true,"href":"https:\/\/impactodenoticias.com.ar\/index.php?rest_route=%2Fwp%2Fv2%2Fcategories&post=33127"},{"taxonomy":"post_tag","embeddable":true,"href":"https:\/\/impactodenoticias.com.ar\/index.php?rest_route=%2Fwp%2Fv2%2Ftags&post=33127"}],"curies":[{"name":"wp","href":"https:\/\/api.w.org\/{rel}","templated":true}]}}