{"id":33141,"date":"2026-03-06T18:29:23","date_gmt":"2026-03-06T21:29:23","guid":{"rendered":"https:\/\/impactodenoticias.com.ar\/?p=33141"},"modified":"2026-03-07T18:33:39","modified_gmt":"2026-03-07T21:33:39","slug":"parana-implementan-el-nuevo-codigo-de-justicia-municipal-de-faltas","status":"publish","type":"post","link":"https:\/\/impactodenoticias.com.ar\/?p=33141","title":{"rendered":"Paran\u00e1: implementan el nuevo C\u00f3digo de Justicia Municipal de Faltas"},"content":{"rendered":"\n<h2 class=\"wp-block-heading\">La Ordenanza 10.257, que entr\u00f3 en vigencia el 2 de diciembre de 2025, actualiza el r\u00e9gimen de faltas, ampl\u00eda las herramientas de intervenci\u00f3n estatal e incorpora sanciones alternativas orientadas a la convivencia y al cuidado del espacio p\u00fablico. Es una herramienta construida a partir del consenso que moderniza el sistema sancionatorio y lo adecua a las din\u00e1micas actuales de la ciudad.<\/h2>\n\n\n\n<p>La normativa ampl\u00eda el abanico de respuestas del Estado frente a una infracci\u00f3n. La multa econ\u00f3mica deja de ser la \u00fanica opci\u00f3n y se incorporan sanciones alternativas como la capacitaci\u00f3n, el trabajo comunitario y la remediaci\u00f3n, que pueden aplicarse de manera principal o complementaria seg\u00fan la gravedad del hecho y el da\u00f1o ocasionado.<\/p>\n\n\n\n<p>El C\u00f3digo establece un sistema gradual de sanciones que incluye amonestaciones, multas, inhabilitaciones, clausuras, decomisos y prohibiciones de concurrencia, permitiendo una intervenci\u00f3n proporcional y adecuada a cada situaci\u00f3n.<\/p>\n\n\n\n<p>Asimismo, otorga a jueces y juezas de Faltas mayores facultades para graduar y aplicar sanciones acordes a las circunstancias del caso, garantizando una respuesta estatal razonable, eficaz y oportuna.<\/p>\n\n\n\n<p>En materia procedimental, la actualizaci\u00f3n incorpora herramientas tecnol\u00f3gicas que modernizan la gesti\u00f3n administrativa, como la validez de las notificaciones electr\u00f3nicas enviadas al correo declarado por cada persona en la plataforma Mi Paran\u00e1, lo que agiliza los tr\u00e1mites y fortalece la transparencia del sistema.<\/p>\n\n\n\n<p>La aplicaci\u00f3n del C\u00f3digo involucra la intervenci\u00f3n coordinada de distintas \u00e1reas municipales \u2014como Control Urbano, Habilitaciones, Bromatolog\u00eda, Ambiente y Tr\u00e1nsito\u2014 seg\u00fan la naturaleza de cada infracci\u00f3n, consolidando una actuaci\u00f3n integral del Estado.<\/p>\n\n\n\n<p>Con la implementaci\u00f3n de este nuevo C\u00f3digo, el Municipio reafirma su compromiso con una convivencia urbana m\u00e1s ordenada y segura, basada en reglas claras, sanciones proporcionales y medidas orientadas a corregir conductas y reparar los da\u00f1os ocasionados.<\/p>\n","protected":false},"excerpt":{"rendered":"<p>La Ordenanza 10.257, que entr&oacute; en vigencia el 2 de diciembre de 2025, actualiza el r&eacute;gimen de faltas, ampl&iacute;a las herramientas de intervenci&oacute;n estatal e incorpora sanciones alternativas orientadas a la convivencia y al cuidado del espacio p&uacute;blico. Es una herramienta construida a partir del consenso que moderniza el sistema sancionatorio y lo adecua a [&hellip;]<\/p>\n","protected":false},"author":2,"featured_media":33142,"comment_status":"closed","ping_status":"closed","sticky":false,"template":"","format":"standard","meta":{"footnotes":""},"categories":[3,1902,49],"tags":[4461,6159,107,102,95],"class_list":["post-33141","post","type-post","status-publish","format-standard","has-post-thumbnail","hentry","category-locales","category-municipales","category-sociedad","tag-codigo","tag-faltas","tag-justicia","tag-municipalidad","tag-parana"],"_links":{"self":[{"href":"https:\/\/impactodenoticias.com.ar\/index.php?rest_route=\/wp\/v2\/posts\/33141","targetHints":{"allow":["GET"]}}],"collection":[{"href":"https:\/\/impactodenoticias.com.ar\/index.php?rest_route=\/wp\/v2\/posts"}],"about":[{"href":"https:\/\/impactodenoticias.com.ar\/index.php?rest_route=\/wp\/v2\/types\/post"}],"author":[{"embeddable":true,"href":"https:\/\/impactodenoticias.com.ar\/index.php?rest_route=\/wp\/v2\/users\/2"}],"replies":[{"embeddable":true,"href":"https:\/\/impactodenoticias.com.ar\/index.php?rest_route=%2Fwp%2Fv2%2Fcomments&post=33141"}],"version-history":[{"count":1,"href":"https:\/\/impactodenoticias.com.ar\/index.php?rest_route=\/wp\/v2\/posts\/33141\/revisions"}],"predecessor-version":[{"id":33143,"href":"https:\/\/impactodenoticias.com.ar\/index.php?rest_route=\/wp\/v2\/posts\/33141\/revisions\/33143"}],"wp:featuredmedia":[{"embeddable":true,"href":"https:\/\/impactodenoticias.com.ar\/index.php?rest_route=\/wp\/v2\/media\/33142"}],"wp:attachment":[{"href":"https:\/\/impactodenoticias.com.ar\/index.php?rest_route=%2Fwp%2Fv2%2Fmedia&parent=33141"}],"wp:term":[{"taxonomy":"category","embeddable":true,"href":"https:\/\/impactodenoticias.com.ar\/index.php?rest_route=%2Fwp%2Fv2%2Fcategories&post=33141"},{"taxonomy":"post_tag","embeddable":true,"href":"https:\/\/impactodenoticias.com.ar\/index.php?rest_route=%2Fwp%2Fv2%2Ftags&post=33141"}],"curies":[{"name":"wp","href":"https:\/\/api.w.org\/{rel}","templated":true}]}}