{"id":33163,"date":"2026-03-08T12:08:30","date_gmt":"2026-03-08T15:08:30","guid":{"rendered":"https:\/\/impactodenoticias.com.ar\/?p=33163"},"modified":"2026-03-09T10:46:48","modified_gmt":"2026-03-09T13:46:48","slug":"por-que-el-8-de-marzo-es-el-dia-internacional-de-la-mujer-historia-lucha-y-derechos","status":"publish","type":"post","link":"https:\/\/impactodenoticias.com.ar\/?p=33163","title":{"rendered":"Por qu\u00e9 el 8 de marzo es el D\u00eda Internacional de la Mujer: historia, lucha y derechos"},"content":{"rendered":"\n<h2 class=\"wp-block-heading\">La fecha recuerda d\u00e9cadas de reclamos de trabajadoras que exig\u00edan condiciones laborales dignas, igualdad y participaci\u00f3n pol\u00edtica. Con el paso del tiempo, el 8 de marzo se transform\u00f3 en una jornada global de reflexi\u00f3n y reivindicaci\u00f3n de derechos.<\/h2>\n\n\n\n<p>El D\u00eda Internacional de la Mujer se conmemora cada 8 de marzo en todo el mundo y tiene su origen en las luchas obreras de fines del siglo XIX y comienzos del XX, cuando miles de trabajadoras comenzaron a organizarse para reclamar derechos b\u00e1sicos en f\u00e1bricas y talleres.<\/p>\n\n\n\n<p>Uno de los hechos hist\u00f3ricos que marc\u00f3 esta fecha ocurri\u00f3 en 1908, cuando unas 15 mil mujeres marcharon por las calles de Nueva York reclamando reducci\u00f3n de la jornada laboral, mejores salarios y el derecho al voto. En aquellos a\u00f1os, muchas mujeres trabajaban m\u00e1s de 12 horas diarias en condiciones precarias y con salarios considerablemente inferiores a los de los hombres.<\/p>\n\n\n\n<p>Otro episodio clave fue el incendio de la f\u00e1brica textil Triangle Shirtwaist en 1911, tambi\u00e9n en Nueva York, donde murieron 146 trabajadoras, en su mayor\u00eda j\u00f3venes inmigrantes. La tragedia dej\u00f3 al descubierto las duras condiciones laborales que enfrentaban las mujeres en la industria.<\/p>\n\n\n\n<p>La propuesta de establecer un d\u00eda internacional para reivindicar los derechos de las mujeres surgi\u00f3 en 1910 durante una conferencia de mujeres socialistas realizada en Copenhague, donde se plante\u00f3 la necesidad de impulsar una jornada de lucha global.<\/p>\n\n\n\n<p>D\u00e9cadas m\u00e1s tarde, en 1975, las Naciones Unidas comenzaron a conmemorar oficialmente el D\u00eda Internacional de la Mujer, lo que contribuy\u00f3 a consolidar la fecha en la agenda internacional.<\/p>\n\n\n\n<p>Hoy el 8 de marzo se recuerda con movilizaciones, encuentros y actividades en numerosos pa\u00edses. Las consignas suelen centrarse en temas como la igualdad salarial, el acceso a oportunidades laborales, la representaci\u00f3n pol\u00edtica, la lucha contra la violencia de g\u00e9nero y la defensa de derechos sociales.<\/p>\n\n\n\n<p>A m\u00e1s de un siglo de aquellas primeras manifestaciones, el 8 de marzo sigue siendo una fecha que combina memoria hist\u00f3rica y demandas actuales, recordando que muchos de los reclamos que dieron origen a la jornada a\u00fan contin\u00faan vigentes en distintas partes del mundo.<\/p>\n","protected":false},"excerpt":{"rendered":"<p>La fecha recuerda d&eacute;cadas de reclamos de trabajadoras que exig&iacute;an condiciones laborales dignas, igualdad y participaci&oacute;n pol&iacute;tica. Con el paso del tiempo, el 8 de marzo se transform&oacute; en una jornada global de reflexi&oacute;n y reivindicaci&oacute;n de derechos. El D&iacute;a Internacional de la Mujer se conmemora cada 8 de marzo en todo el mundo y [&hellip;]<\/p>\n","protected":false},"author":2,"featured_media":33164,"comment_status":"closed","ping_status":"closed","sticky":false,"template":"","format":"standard","meta":{"footnotes":""},"categories":[10,11,49],"tags":[334,2477,182],"class_list":["post-33163","post","type-post","status-publish","format-standard","has-post-thumbnail","hentry","category-nacionales","category-politica","category-sociedad","tag-dia","tag-internacional","tag-mujer"],"_links":{"self":[{"href":"https:\/\/impactodenoticias.com.ar\/index.php?rest_route=\/wp\/v2\/posts\/33163","targetHints":{"allow":["GET"]}}],"collection":[{"href":"https:\/\/impactodenoticias.com.ar\/index.php?rest_route=\/wp\/v2\/posts"}],"about":[{"href":"https:\/\/impactodenoticias.com.ar\/index.php?rest_route=\/wp\/v2\/types\/post"}],"author":[{"embeddable":true,"href":"https:\/\/impactodenoticias.com.ar\/index.php?rest_route=\/wp\/v2\/users\/2"}],"replies":[{"embeddable":true,"href":"https:\/\/impactodenoticias.com.ar\/index.php?rest_route=%2Fwp%2Fv2%2Fcomments&post=33163"}],"version-history":[{"count":1,"href":"https:\/\/impactodenoticias.com.ar\/index.php?rest_route=\/wp\/v2\/posts\/33163\/revisions"}],"predecessor-version":[{"id":33165,"href":"https:\/\/impactodenoticias.com.ar\/index.php?rest_route=\/wp\/v2\/posts\/33163\/revisions\/33165"}],"wp:featuredmedia":[{"embeddable":true,"href":"https:\/\/impactodenoticias.com.ar\/index.php?rest_route=\/wp\/v2\/media\/33164"}],"wp:attachment":[{"href":"https:\/\/impactodenoticias.com.ar\/index.php?rest_route=%2Fwp%2Fv2%2Fmedia&parent=33163"}],"wp:term":[{"taxonomy":"category","embeddable":true,"href":"https:\/\/impactodenoticias.com.ar\/index.php?rest_route=%2Fwp%2Fv2%2Fcategories&post=33163"},{"taxonomy":"post_tag","embeddable":true,"href":"https:\/\/impactodenoticias.com.ar\/index.php?rest_route=%2Fwp%2Fv2%2Ftags&post=33163"}],"curies":[{"name":"wp","href":"https:\/\/api.w.org\/{rel}","templated":true}]}}