{"id":33168,"date":"2026-03-09T10:19:55","date_gmt":"2026-03-09T13:19:55","guid":{"rendered":"https:\/\/impactodenoticias.com.ar\/?p=33168"},"modified":"2026-03-09T10:19:55","modified_gmt":"2026-03-09T13:19:55","slug":"villaguay-una-camioneta-y-una-moto-donde-iba-una-familia-protagonizaron-un-accidente-con-heridos-graves","status":"publish","type":"post","link":"https:\/\/impactodenoticias.com.ar\/?p=33168","title":{"rendered":"Villaguay: una camioneta y una moto donde iba una familia protagonizaron un accidente con heridos graves"},"content":{"rendered":"\n<h2 class=\"wp-block-heading\">En horas del mediod\u00eda del domingo ocurri\u00f3 un accidente vial en la esquina de calles Saavedra y Hermelo, en la ciudad de Villaguay, que dej\u00f3 como saldo tres personas lesionadas.<\/h2>\n\n\n\n<p>Por causas que se investigan, una moto de 110 cilindradas en la que se trasladaban un hombre de 27 a\u00f1os, una mujer de 29 a\u00f1os y un menor de 5 a\u00f1os, colision\u00f3 con una camioneta conducida por un joven de 20 a\u00f1os.<\/p>\n\n\n\n<p>Debido a la violencia del impacto, los ocupantes del motoveh\u00edculo resultaron heridos y fueron asistidos por personal m\u00e9dico y policial. El conductor de la motocicleta present\u00f3 fractura de tibia en su pierna derecha, mientras que la mujer sufri\u00f3 fractura de f\u00e9mur en la pierna derecha, siendo ambas lesiones de car\u00e1cter grave. Mientras que el menor padeci\u00f3 un traumatismo de cr\u00e1neo y se esperaban estudios m\u00e9dicos a fin de determinar el car\u00e1cter de sus lesiones.<\/p>\n\n\n\n<p>En el lugar trabaj\u00f3 personal policial de la Secci\u00f3n Judiciales y Polic\u00eda Cient\u00edfica, y se dieron inicio de actuaciones correspondientes con conocimiento de la Fiscal\u00eda local.<\/p>\n","protected":false},"excerpt":{"rendered":"<p>En horas del mediod&iacute;a del domingo ocurri&oacute; un accidente vial en la esquina de calles Saavedra y Hermelo, en la ciudad de Villaguay, que dej&oacute; como saldo tres personas lesionadas. Por causas que se investigan, una moto de 110 cilindradas en la que se trasladaban un hombre de 27 a&ntilde;os, una mujer de 29 a&ntilde;os [&hellip;]<\/p>\n","protected":false},"author":2,"featured_media":33169,"comment_status":"closed","ping_status":"closed","sticky":false,"template":"","format":"standard","meta":{"footnotes":""},"categories":[8,4],"tags":[120,402,394,388,55],"class_list":["post-33168","post","type-post","status-publish","format-standard","has-post-thumbnail","hentry","category-policiales","category-provinciales","tag-accidente","tag-camioneta","tag-heridos","tag-moto","tag-villaguay"],"_links":{"self":[{"href":"https:\/\/impactodenoticias.com.ar\/index.php?rest_route=\/wp\/v2\/posts\/33168","targetHints":{"allow":["GET"]}}],"collection":[{"href":"https:\/\/impactodenoticias.com.ar\/index.php?rest_route=\/wp\/v2\/posts"}],"about":[{"href":"https:\/\/impactodenoticias.com.ar\/index.php?rest_route=\/wp\/v2\/types\/post"}],"author":[{"embeddable":true,"href":"https:\/\/impactodenoticias.com.ar\/index.php?rest_route=\/wp\/v2\/users\/2"}],"replies":[{"embeddable":true,"href":"https:\/\/impactodenoticias.com.ar\/index.php?rest_route=%2Fwp%2Fv2%2Fcomments&post=33168"}],"version-history":[{"count":1,"href":"https:\/\/impactodenoticias.com.ar\/index.php?rest_route=\/wp\/v2\/posts\/33168\/revisions"}],"predecessor-version":[{"id":33170,"href":"https:\/\/impactodenoticias.com.ar\/index.php?rest_route=\/wp\/v2\/posts\/33168\/revisions\/33170"}],"wp:featuredmedia":[{"embeddable":true,"href":"https:\/\/impactodenoticias.com.ar\/index.php?rest_route=\/wp\/v2\/media\/33169"}],"wp:attachment":[{"href":"https:\/\/impactodenoticias.com.ar\/index.php?rest_route=%2Fwp%2Fv2%2Fmedia&parent=33168"}],"wp:term":[{"taxonomy":"category","embeddable":true,"href":"https:\/\/impactodenoticias.com.ar\/index.php?rest_route=%2Fwp%2Fv2%2Fcategories&post=33168"},{"taxonomy":"post_tag","embeddable":true,"href":"https:\/\/impactodenoticias.com.ar\/index.php?rest_route=%2Fwp%2Fv2%2Ftags&post=33168"}],"curies":[{"name":"wp","href":"https:\/\/api.w.org\/{rel}","templated":true}]}}