{"id":33196,"date":"2026-03-09T22:14:47","date_gmt":"2026-03-10T01:14:47","guid":{"rendered":"https:\/\/impactodenoticias.com.ar\/?p=33196"},"modified":"2026-03-11T13:29:56","modified_gmt":"2026-03-11T16:29:56","slug":"santa-elena-apertura-de-sesiones-ordinarias-2026","status":"publish","type":"post","link":"https:\/\/impactodenoticias.com.ar\/?p=33196","title":{"rendered":"Santa Elena: Apertura de Sesiones Ordinarias 2026"},"content":{"rendered":"\n<h2 class=\"wp-block-heading\">El presidente municipal de Santa Elena, Domingo Daniel Rossi, dej\u00f3 inaugurado el per\u00edodo de Sesiones Ordinarias 2026 del Honorable Concejo Deliberante, dando cumplimiento a lo establecido por la normativa vigente y presentando ante concejales, autoridades institucionales y vecinos un balance de la gesti\u00f3n correspondiente al a\u00f1o 2025, junto con los principales lineamientos y proyectos previstos para el presente a\u00f1o.<\/h2>\n\n\n\n<p>Durante su mensaje, el presidente municipal realiz\u00f3 un repaso por las principales acciones desarrolladas en las distintas \u00e1reas de gobierno, destacando avances en materia de obras p\u00fablicas, servicios, salud, desarrollo social, seguridad, cultura y turismo. Asimismo, subray\u00f3 la importancia del trabajo sostenido del equipo municipal para responder a las demandas de la comunidad en un contexto econ\u00f3mico complejo.<\/p>\n\n\n\n<p>En su discurso tambi\u00e9n se mencionaron inversiones realizadas en infraestructura urbana, ampliaci\u00f3n de redes de servicios, mejoras en espacios p\u00fablicos, fortalecimiento de la atenci\u00f3n primaria de la salud y el acompa\u00f1amiento a instituciones locales. En ese marco, se reafirm\u00f3 el compromiso de continuar impulsando pol\u00edticas p\u00fablicas que contribuyan al crecimiento y al bienestar de los vecinos de Santa Elena.<\/p>\n\n\n\n<p>La apertura de sesiones ordinarias constituye una instancia institucional fundamental para dar cuenta del trabajo realizado y proyectar las acciones que orientar\u00e1n la gesti\u00f3n durante el a\u00f1o, reafirmando el compromiso del gobierno municipal con el desarrollo de la comunidad y la transparencia en la administraci\u00f3n p\u00fablica.<\/p>\n\n\n\n<p><strong>Te compartimos las principales frases de su discurso<\/strong><\/p>\n\n\n\n<p><\/p>\n\n\n\n<figure class=\"wp-block-gallery has-nested-images columns-default is-cropped wp-block-gallery-1 is-layout-flex wp-block-gallery-is-layout-flex\">\n\n\n<figure class=\"wp-block-image size-large\"><img loading=\"lazy\" decoding=\"async\" width=\"819\" height=\"1024\" data-id=\"33202\" src=\"https:\/\/impactodenoticias.com.ar\/wp-content\/uploads\/2026\/03\/WhatsApp-Image-2026-03-09-at-9.43.56-PM-819x1024.jpeg\" alt=\"\" class=\"wp-image-33202\" srcset=\"https:\/\/impactodenoticias.com.ar\/wp-content\/uploads\/2026\/03\/WhatsApp-Image-2026-03-09-at-9.43.56-PM-819x1024.jpeg 819w, https:\/\/impactodenoticias.com.ar\/wp-content\/uploads\/2026\/03\/WhatsApp-Image-2026-03-09-at-9.43.56-PM-240x300.jpeg 240w, https:\/\/impactodenoticias.com.ar\/wp-content\/uploads\/2026\/03\/WhatsApp-Image-2026-03-09-at-9.43.56-PM-768x960.jpeg 768w, https:\/\/impactodenoticias.com.ar\/wp-content\/uploads\/2026\/03\/WhatsApp-Image-2026-03-09-at-9.43.56-PM.jpeg 1080w\" sizes=\"auto, (max-width: 819px) 100vw, 819px\" \/><\/figure>\n\n\n\n<figure class=\"wp-block-image size-large\"><img loading=\"lazy\" decoding=\"async\" width=\"819\" height=\"1024\" data-id=\"33197\" src=\"https:\/\/impactodenoticias.com.ar\/wp-content\/uploads\/2026\/03\/WhatsApp-Image-2026-03-09-at-9.43.57-PM-819x1024.jpeg\" alt=\"\" class=\"wp-image-33197\" srcset=\"https:\/\/impactodenoticias.com.ar\/wp-content\/uploads\/2026\/03\/WhatsApp-Image-2026-03-09-at-9.43.57-PM-819x1024.jpeg 819w, https:\/\/impactodenoticias.com.ar\/wp-content\/uploads\/2026\/03\/WhatsApp-Image-2026-03-09-at-9.43.57-PM-240x300.jpeg 240w, https:\/\/impactodenoticias.com.ar\/wp-content\/uploads\/2026\/03\/WhatsApp-Image-2026-03-09-at-9.43.57-PM-768x960.jpeg 768w, https:\/\/impactodenoticias.com.ar\/wp-content\/uploads\/2026\/03\/WhatsApp-Image-2026-03-09-at-9.43.57-PM.jpeg 1080w\" sizes=\"auto, (max-width: 819px) 100vw, 819px\" \/><\/figure>\n\n\n\n<figure class=\"wp-block-image size-large\"><img loading=\"lazy\" decoding=\"async\" width=\"819\" height=\"1024\" data-id=\"33198\" src=\"https:\/\/impactodenoticias.com.ar\/wp-content\/uploads\/2026\/03\/WhatsApp-Image-2026-03-09-at-9.43.58-PM-819x1024.jpeg\" alt=\"\" class=\"wp-image-33198\" srcset=\"https:\/\/impactodenoticias.com.ar\/wp-content\/uploads\/2026\/03\/WhatsApp-Image-2026-03-09-at-9.43.58-PM-819x1024.jpeg 819w, https:\/\/impactodenoticias.com.ar\/wp-content\/uploads\/2026\/03\/WhatsApp-Image-2026-03-09-at-9.43.58-PM-240x300.jpeg 240w, https:\/\/impactodenoticias.com.ar\/wp-content\/uploads\/2026\/03\/WhatsApp-Image-2026-03-09-at-9.43.58-PM-768x960.jpeg 768w, https:\/\/impactodenoticias.com.ar\/wp-content\/uploads\/2026\/03\/WhatsApp-Image-2026-03-09-at-9.43.58-PM.jpeg 1080w\" sizes=\"auto, (max-width: 819px) 100vw, 819px\" \/><\/figure>\n\n\n\n<figure class=\"wp-block-image size-large\"><img loading=\"lazy\" decoding=\"async\" width=\"819\" height=\"1024\" data-id=\"33201\" src=\"https:\/\/impactodenoticias.com.ar\/wp-content\/uploads\/2026\/03\/WhatsApp-Image-2026-03-09-at-9.44.01-PM-1-819x1024.jpeg\" alt=\"\" class=\"wp-image-33201\" srcset=\"https:\/\/impactodenoticias.com.ar\/wp-content\/uploads\/2026\/03\/WhatsApp-Image-2026-03-09-at-9.44.01-PM-1-819x1024.jpeg 819w, https:\/\/impactodenoticias.com.ar\/wp-content\/uploads\/2026\/03\/WhatsApp-Image-2026-03-09-at-9.44.01-PM-1-240x300.jpeg 240w, https:\/\/impactodenoticias.com.ar\/wp-content\/uploads\/2026\/03\/WhatsApp-Image-2026-03-09-at-9.44.01-PM-1-768x960.jpeg 768w, https:\/\/impactodenoticias.com.ar\/wp-content\/uploads\/2026\/03\/WhatsApp-Image-2026-03-09-at-9.44.01-PM-1.jpeg 1080w\" sizes=\"auto, (max-width: 819px) 100vw, 819px\" \/><\/figure>\n\n\n\n<figure class=\"wp-block-image size-large\"><img loading=\"lazy\" decoding=\"async\" width=\"819\" height=\"1024\" data-id=\"33203\" src=\"https:\/\/impactodenoticias.com.ar\/wp-content\/uploads\/2026\/03\/WhatsApp-Image-2026-03-09-at-9.44.01-PM-819x1024.jpeg\" alt=\"\" class=\"wp-image-33203\" srcset=\"https:\/\/impactodenoticias.com.ar\/wp-content\/uploads\/2026\/03\/WhatsApp-Image-2026-03-09-at-9.44.01-PM-819x1024.jpeg 819w, https:\/\/impactodenoticias.com.ar\/wp-content\/uploads\/2026\/03\/WhatsApp-Image-2026-03-09-at-9.44.01-PM-240x300.jpeg 240w, https:\/\/impactodenoticias.com.ar\/wp-content\/uploads\/2026\/03\/WhatsApp-Image-2026-03-09-at-9.44.01-PM-768x960.jpeg 768w, https:\/\/impactodenoticias.com.ar\/wp-content\/uploads\/2026\/03\/WhatsApp-Image-2026-03-09-at-9.44.01-PM.jpeg 1080w\" sizes=\"auto, (max-width: 819px) 100vw, 819px\" \/><\/figure>\n\n\n\n<figure class=\"wp-block-image size-large\"><img loading=\"lazy\" decoding=\"async\" width=\"819\" height=\"1024\" data-id=\"33199\" src=\"https:\/\/impactodenoticias.com.ar\/wp-content\/uploads\/2026\/03\/WhatsApp-Image-2026-03-09-at-9.44.02-PM-1-819x1024.jpeg\" alt=\"\" class=\"wp-image-33199\" srcset=\"https:\/\/impactodenoticias.com.ar\/wp-content\/uploads\/2026\/03\/WhatsApp-Image-2026-03-09-at-9.44.02-PM-1-819x1024.jpeg 819w, https:\/\/impactodenoticias.com.ar\/wp-content\/uploads\/2026\/03\/WhatsApp-Image-2026-03-09-at-9.44.02-PM-1-240x300.jpeg 240w, https:\/\/impactodenoticias.com.ar\/wp-content\/uploads\/2026\/03\/WhatsApp-Image-2026-03-09-at-9.44.02-PM-1-768x960.jpeg 768w, https:\/\/impactodenoticias.com.ar\/wp-content\/uploads\/2026\/03\/WhatsApp-Image-2026-03-09-at-9.44.02-PM-1.jpeg 1080w\" sizes=\"auto, (max-width: 819px) 100vw, 819px\" \/><\/figure>\n\n\n\n<figure class=\"wp-block-image size-large\"><img loading=\"lazy\" decoding=\"async\" width=\"819\" height=\"1024\" data-id=\"33200\" src=\"https:\/\/impactodenoticias.com.ar\/wp-content\/uploads\/2026\/03\/WhatsApp-Image-2026-03-09-at-9.44.02-PM-819x1024.jpeg\" alt=\"\" class=\"wp-image-33200\" srcset=\"https:\/\/impactodenoticias.com.ar\/wp-content\/uploads\/2026\/03\/WhatsApp-Image-2026-03-09-at-9.44.02-PM-819x1024.jpeg 819w, https:\/\/impactodenoticias.com.ar\/wp-content\/uploads\/2026\/03\/WhatsApp-Image-2026-03-09-at-9.44.02-PM-240x300.jpeg 240w, https:\/\/impactodenoticias.com.ar\/wp-content\/uploads\/2026\/03\/WhatsApp-Image-2026-03-09-at-9.44.02-PM-768x960.jpeg 768w, https:\/\/impactodenoticias.com.ar\/wp-content\/uploads\/2026\/03\/WhatsApp-Image-2026-03-09-at-9.44.02-PM.jpeg 1080w\" sizes=\"auto, (max-width: 819px) 100vw, 819px\" \/><\/figure>\n<\/figure>\n\n\n\n<p><\/p>\n\n\n\n<p><\/p>\n\n\n\n<figure class=\"wp-block-embed is-type-video is-provider-youtube wp-block-embed-youtube wp-embed-aspect-16-9 wp-has-aspect-ratio\"><div class=\"wp-block-embed__wrapper\">\n<iframe loading=\"lazy\" title=\"Apertura de Sesiones Ordinarias\" width=\"640\" height=\"360\" src=\"https:\/\/www.youtube.com\/embed\/lyOtRlSc3DM?feature=oembed\" frameborder=\"0\" allow=\"accelerometer; autoplay; clipboard-write; encrypted-media; gyroscope; picture-in-picture; web-share\" referrerpolicy=\"strict-origin-when-cross-origin\" allowfullscreen><\/iframe>\n<\/div><\/figure>\n\n\n\n<p><\/p>\n\n\n\n<p><\/p>\n","protected":false},"excerpt":{"rendered":"<p>El presidente municipal de Santa Elena, Domingo Daniel Rossi, dej&oacute; inaugurado el per&iacute;odo de Sesiones Ordinarias 2026 del Honorable Concejo Deliberante, dando cumplimiento a lo establecido por la normativa vigente y presentando ante concejales, autoridades institucionales y vecinos un balance de la gesti&oacute;n correspondiente al a&ntilde;o 2025, junto con los principales lineamientos y proyectos previstos [&hellip;]<\/p>\n","protected":false},"author":2,"featured_media":33204,"comment_status":"closed","ping_status":"closed","sticky":false,"template":"","format":"standard","meta":{"footnotes":""},"categories":[1902],"tags":[4679,620,4680,439],"class_list":["post-33196","post","type-post","status-publish","format-standard","has-post-thumbnail","hentry","category-municipales","tag-apertura","tag-daniel-rossi","tag-ordinarias","tag-santa-elena"],"_links":{"self":[{"href":"https:\/\/impactodenoticias.com.ar\/index.php?rest_route=\/wp\/v2\/posts\/33196","targetHints":{"allow":["GET"]}}],"collection":[{"href":"https:\/\/impactodenoticias.com.ar\/index.php?rest_route=\/wp\/v2\/posts"}],"about":[{"href":"https:\/\/impactodenoticias.com.ar\/index.php?rest_route=\/wp\/v2\/types\/post"}],"author":[{"embeddable":true,"href":"https:\/\/impactodenoticias.com.ar\/index.php?rest_route=\/wp\/v2\/users\/2"}],"replies":[{"embeddable":true,"href":"https:\/\/impactodenoticias.com.ar\/index.php?rest_route=%2Fwp%2Fv2%2Fcomments&post=33196"}],"version-history":[{"count":1,"href":"https:\/\/impactodenoticias.com.ar\/index.php?rest_route=\/wp\/v2\/posts\/33196\/revisions"}],"predecessor-version":[{"id":33205,"href":"https:\/\/impactodenoticias.com.ar\/index.php?rest_route=\/wp\/v2\/posts\/33196\/revisions\/33205"}],"wp:featuredmedia":[{"embeddable":true,"href":"https:\/\/impactodenoticias.com.ar\/index.php?rest_route=\/wp\/v2\/media\/33204"}],"wp:attachment":[{"href":"https:\/\/impactodenoticias.com.ar\/index.php?rest_route=%2Fwp%2Fv2%2Fmedia&parent=33196"}],"wp:term":[{"taxonomy":"category","embeddable":true,"href":"https:\/\/impactodenoticias.com.ar\/index.php?rest_route=%2Fwp%2Fv2%2Fcategories&post=33196"},{"taxonomy":"post_tag","embeddable":true,"href":"https:\/\/impactodenoticias.com.ar\/index.php?rest_route=%2Fwp%2Fv2%2Ftags&post=33196"}],"curies":[{"name":"wp","href":"https:\/\/api.w.org\/{rel}","templated":true}]}}