{"id":33209,"date":"2026-03-10T11:00:34","date_gmt":"2026-03-10T14:00:34","guid":{"rendered":"https:\/\/impactodenoticias.com.ar\/?p=33209"},"modified":"2026-03-10T11:00:34","modified_gmt":"2026-03-10T14:00:34","slug":"se-registro-un-accidente-de-transito-en-gobernador-cresto-y-lieberman-en-parana","status":"publish","type":"post","link":"https:\/\/impactodenoticias.com.ar\/?p=33209","title":{"rendered":"Se registr\u00f3 un accidente de tr\u00e1nsito en Gobernador Cresto y Lieberman en Paran\u00e1"},"content":{"rendered":"\n<h2 class=\"wp-block-heading\">Un joven de 27 a\u00f1os result\u00f3 herido en la ma\u00f1ana de este martes al protagonizar un fuerte accidente vial mientras circulaba en una motocicleta y choc\u00f3 con un autom\u00f3vil en la intersecci\u00f3n de las calles Gobernador Cresto y Lieberman.<\/h2>\n\n\n\n<p>El accidente de tr\u00e1nsito se produjo aproximadamente a las 07:20 y el conductor de la moto termin\u00f3 con heridas de consideraci\u00f3n.<\/p>\n\n\n\n<p>El siniestro vial, involucr\u00f3 a una motocicleta de 150 cc y a un autom\u00f3vil Toyota Etios color blanco, el cual era conducido por una mujer de 56 a\u00f1os.<\/p>\n\n\n\n<p>De acuerdo primeras reconstrucciones efectuadas en el lugar del hecho, la moto circulaba por calle Lieberman en sentido oeste, mientras que el auto se dirig\u00eda por Gobernador Cresto en direcci\u00f3n sur-norte. Por causas que a\u00fan son materia de investigaci\u00f3n, ambos veh\u00edculos terminaron colisionando en el cruce de ambas arterias.<\/p>\n\n\n\n<p>Efectivos de la Comisar\u00eda Cuarta intervinieron r\u00e1pidamente en el lugar para asistir a los involucrados y organizar el tr\u00e1nsito.<\/p>\n","protected":false},"excerpt":{"rendered":"<p>Un joven de 27 a&ntilde;os result&oacute; herido en la ma&ntilde;ana de este martes al protagonizar un fuerte accidente vial mientras circulaba en una motocicleta y choc&oacute; con un autom&oacute;vil en la intersecci&oacute;n de las calles Gobernador Cresto y Lieberman. El accidente de tr&aacute;nsito se produjo aproximadamente a las 07:20 y el conductor de la moto [&hellip;]<\/p>\n","protected":false},"author":2,"featured_media":33210,"comment_status":"closed","ping_status":"closed","sticky":false,"template":"","format":"standard","meta":{"footnotes":""},"categories":[3,8],"tags":[120,507,394,388,95],"class_list":["post-33209","post","type-post","status-publish","format-standard","has-post-thumbnail","hentry","category-locales","category-policiales","tag-accidente","tag-auto","tag-heridos","tag-moto","tag-parana"],"_links":{"self":[{"href":"https:\/\/impactodenoticias.com.ar\/index.php?rest_route=\/wp\/v2\/posts\/33209","targetHints":{"allow":["GET"]}}],"collection":[{"href":"https:\/\/impactodenoticias.com.ar\/index.php?rest_route=\/wp\/v2\/posts"}],"about":[{"href":"https:\/\/impactodenoticias.com.ar\/index.php?rest_route=\/wp\/v2\/types\/post"}],"author":[{"embeddable":true,"href":"https:\/\/impactodenoticias.com.ar\/index.php?rest_route=\/wp\/v2\/users\/2"}],"replies":[{"embeddable":true,"href":"https:\/\/impactodenoticias.com.ar\/index.php?rest_route=%2Fwp%2Fv2%2Fcomments&post=33209"}],"version-history":[{"count":1,"href":"https:\/\/impactodenoticias.com.ar\/index.php?rest_route=\/wp\/v2\/posts\/33209\/revisions"}],"predecessor-version":[{"id":33211,"href":"https:\/\/impactodenoticias.com.ar\/index.php?rest_route=\/wp\/v2\/posts\/33209\/revisions\/33211"}],"wp:featuredmedia":[{"embeddable":true,"href":"https:\/\/impactodenoticias.com.ar\/index.php?rest_route=\/wp\/v2\/media\/33210"}],"wp:attachment":[{"href":"https:\/\/impactodenoticias.com.ar\/index.php?rest_route=%2Fwp%2Fv2%2Fmedia&parent=33209"}],"wp:term":[{"taxonomy":"category","embeddable":true,"href":"https:\/\/impactodenoticias.com.ar\/index.php?rest_route=%2Fwp%2Fv2%2Fcategories&post=33209"},{"taxonomy":"post_tag","embeddable":true,"href":"https:\/\/impactodenoticias.com.ar\/index.php?rest_route=%2Fwp%2Fv2%2Ftags&post=33209"}],"curies":[{"name":"wp","href":"https:\/\/api.w.org\/{rel}","templated":true}]}}