{"id":33212,"date":"2026-03-10T11:05:39","date_gmt":"2026-03-10T14:05:39","guid":{"rendered":"https:\/\/impactodenoticias.com.ar\/?p=33212"},"modified":"2026-03-10T11:05:39","modified_gmt":"2026-03-10T14:05:39","slug":"san-salvador-arrestaron-a-un-sujeto-que-golpeaba-y-llevaba-por-la-fuerza-a-su-pareja","status":"publish","type":"post","link":"https:\/\/impactodenoticias.com.ar\/?p=33212","title":{"rendered":"San Salvador: arrestaron a un sujeto que golpeaba y llevaba por la fuerza a su pareja"},"content":{"rendered":"\n<h2 class=\"wp-block-heading\">Un episodio de violencia de g\u00e9nero finaliz\u00f3 afortunadamente con la detenci\u00f3n de un hombre, este lunes por la noche en la ciudad de San Salvador.<\/h2>\n\n\n\n<p>El hecho ocurri\u00f3 cerca de las 22:10, cuando un llamado telef\u00f3nico advirti\u00f3 a las autoridades sobre una situaci\u00f3n de grave violencia que estaba sucediendo en la intersecci\u00f3n de las calles Comandante Esp\u00edndola y Jos\u00e9 Hern\u00e1ndez. De acuerdo a los vecinos, un hombre trasladaba a una mujer por la v\u00eda p\u00fablica contra su voluntad y ejerciendo fuerza f\u00edsica.<\/p>\n\n\n\n<p>Al llegar al lugar, el personal de la Jefatura Departamental San Salvador intercept\u00f3 a la pareja, ambos mayores de edad. En ese momento, la mujer se\u00f1al\u00f3 a los agentes policiales que el hombre la estaba agrediendo y obligando a desplazarse por la fuerza. Ante la flagrancia del hecho y el testimonio de la v\u00edctima, los efectivos comunicaron la situaci\u00f3n a la Unidad Fiscal local.<\/p>\n\n\n\n<p>Desde la fiscal\u00eda se orden\u00f3 la inmediata detenci\u00f3n del agresor y el traslado de la damnificada a la dependencia policial para formalizar la denuncia. Luego de ser examinada por el m\u00e9dico policial de turno, se confirm\u00f3 que la mujer presentaba lesiones de car\u00e1cter leves. El hombre qued\u00f3 a disposici\u00f3n de la justicia bajo la car\u00e1tula de lesiones leves agravadas por el v\u00ednculo en contexto de g\u00e9nero.<\/p>\n\n\n\n<p><\/p>\n\n\n\n<figure class=\"wp-block-image size-large\"><img loading=\"lazy\" decoding=\"async\" width=\"1024\" height=\"724\" src=\"https:\/\/impactodenoticias.com.ar\/wp-content\/uploads\/2026\/03\/Agregar-un-titulo-2-2-1024x724.png\" alt=\"\" class=\"wp-image-33213\" srcset=\"https:\/\/impactodenoticias.com.ar\/wp-content\/uploads\/2026\/03\/Agregar-un-titulo-2-2-1024x724.png 1024w, https:\/\/impactodenoticias.com.ar\/wp-content\/uploads\/2026\/03\/Agregar-un-titulo-2-2-300x212.png 300w, https:\/\/impactodenoticias.com.ar\/wp-content\/uploads\/2026\/03\/Agregar-un-titulo-2-2-768x543.png 768w, https:\/\/impactodenoticias.com.ar\/wp-content\/uploads\/2026\/03\/Agregar-un-titulo-2-2.png 1088w\" sizes=\"auto, (max-width: 1024px) 100vw, 1024px\" \/><\/figure>\n\n\n\n<p><\/p>\n\n\n\n<p><\/p>\n","protected":false},"excerpt":{"rendered":"<p>Un episodio de violencia de g&eacute;nero finaliz&oacute; afortunadamente con la detenci&oacute;n de un hombre, este lunes por la noche en la ciudad de San Salvador. El hecho ocurri&oacute; cerca de las 22:10, cuando un llamado telef&oacute;nico advirti&oacute; a las autoridades sobre una situaci&oacute;n de grave violencia que estaba sucediendo en la intersecci&oacute;n de las calles [&hellip;]<\/p>\n","protected":false},"author":2,"featured_media":33214,"comment_status":"closed","ping_status":"closed","sticky":false,"template":"","format":"standard","meta":{"footnotes":""},"categories":[8,4],"tags":[1003,146,182,639,376],"class_list":["post-33212","post","type-post","status-publish","format-standard","has-post-thumbnail","hentry","category-policiales","category-provinciales","tag-detencion","tag-hombre","tag-mujer","tag-san-salvador","tag-violencia"],"_links":{"self":[{"href":"https:\/\/impactodenoticias.com.ar\/index.php?rest_route=\/wp\/v2\/posts\/33212","targetHints":{"allow":["GET"]}}],"collection":[{"href":"https:\/\/impactodenoticias.com.ar\/index.php?rest_route=\/wp\/v2\/posts"}],"about":[{"href":"https:\/\/impactodenoticias.com.ar\/index.php?rest_route=\/wp\/v2\/types\/post"}],"author":[{"embeddable":true,"href":"https:\/\/impactodenoticias.com.ar\/index.php?rest_route=\/wp\/v2\/users\/2"}],"replies":[{"embeddable":true,"href":"https:\/\/impactodenoticias.com.ar\/index.php?rest_route=%2Fwp%2Fv2%2Fcomments&post=33212"}],"version-history":[{"count":1,"href":"https:\/\/impactodenoticias.com.ar\/index.php?rest_route=\/wp\/v2\/posts\/33212\/revisions"}],"predecessor-version":[{"id":33215,"href":"https:\/\/impactodenoticias.com.ar\/index.php?rest_route=\/wp\/v2\/posts\/33212\/revisions\/33215"}],"wp:featuredmedia":[{"embeddable":true,"href":"https:\/\/impactodenoticias.com.ar\/index.php?rest_route=\/wp\/v2\/media\/33214"}],"wp:attachment":[{"href":"https:\/\/impactodenoticias.com.ar\/index.php?rest_route=%2Fwp%2Fv2%2Fmedia&parent=33212"}],"wp:term":[{"taxonomy":"category","embeddable":true,"href":"https:\/\/impactodenoticias.com.ar\/index.php?rest_route=%2Fwp%2Fv2%2Fcategories&post=33212"},{"taxonomy":"post_tag","embeddable":true,"href":"https:\/\/impactodenoticias.com.ar\/index.php?rest_route=%2Fwp%2Fv2%2Ftags&post=33212"}],"curies":[{"name":"wp","href":"https:\/\/api.w.org\/{rel}","templated":true}]}}