{"id":33225,"date":"2026-03-10T15:10:35","date_gmt":"2026-03-10T18:10:35","guid":{"rendered":"https:\/\/impactodenoticias.com.ar\/?p=33225"},"modified":"2026-03-10T15:10:36","modified_gmt":"2026-03-10T18:10:36","slug":"nino-electrocutado-en-parana-la-fiscalia-abrio-causa-penal-por-lesiones-y-cito-al-sacerdote-que-electrifico-su-tapial","status":"publish","type":"post","link":"https:\/\/impactodenoticias.com.ar\/?p=33225","title":{"rendered":"Ni\u00f1o electrocutado en Paran\u00e1: la Fiscal\u00eda abri\u00f3 causa penal por lesiones y cit\u00f3 al sacerdote que electrific\u00f3 su tapial"},"content":{"rendered":"\n<h2 class=\"wp-block-heading\">La investigaci\u00f3n por el caso de Esteban Bogado, el ni\u00f1o que sufri\u00f3 una fuerte descarga el\u00e9ctrica cuando trat\u00f3 de recuperar una pelota en una vivienda de calle Lamadrid de Paran\u00e1, ya se encuentra iniciada con la apertura de causa. La Fiscal\u00eda cit\u00f3 al sacerdote involucrado para que designe abogado defensor, en el marco de una imputaci\u00f3n que ser\u00eda por lesiones.<\/h2>\n\n\n\n<p>Mientras tanto, Esteban permanece internado en la unidad de terapia intensiva del Hospital Materno Infantil San Roque. Su evoluci\u00f3n es positiva: ya comenz\u00f3 a tomar agua y este lunes se le permiti\u00f3 una dieta liviana para evaluar su tolerancia. \u201cHoy (por este lunes) tuvimos la grata noticia de que puede respirar por s\u00ed solo. El domingo estaba con ayuda respiratoria, pero desde temprano pudo hacerlo por sus propios medios\u201d, cont\u00f3 su padre, Carlos Bogado.<\/p>\n\n\n\n<p>El pap\u00e1 subray\u00f3 tambi\u00e9n el cambio en el panorama m\u00e9dico: \u201cCuando Esteban lleg\u00f3 no ten\u00edan mayores esperanzas, pero hoy la m\u00e9dica nos dijo que pas\u00f3 de cero a siete. Eso fue milagroso gracias al apoyo, a las buenas intenciones y energ\u00edas que le llegaron de todos\u201d.<\/p>\n\n\n\n<p>Paralelamente, la causa continuar\u00e1 con nuevas medidas judiciales, mientras el ni\u00f1o sigue bajo control m\u00e9dico en Paran\u00e1. La causa penal est\u00e1 en manos del Ministerio P\u00fablico Fiscal (MPF) con la intervenci\u00f3n de Patricia Yedro.<\/p>\n\n\n\n<p>Los antecedentes similares a este caso<\/p>\n\n\n\n<p>En Paran\u00e1 no es la primera vez que un ni\u00f1o o ni\u00f1a sufre heridas graves como consecuencia de una descarga el\u00e9ctrica. En las redes sociales, con el caso de Esteban muchos recordaron a la ni\u00f1a Brisa Gonz\u00e1lez que en 2022 ten\u00eda 12 a\u00f1os cuando sufri\u00f3 una descarga el\u00e9ctrica al tocar una columna de alumbrado p\u00fablico. Brisa lamentablemente falleci\u00f3 en el hospital San Roque de Paran\u00e1 tras infructuosos intentos de reanimaci\u00f3n. El fatal hecho se produjo este mi\u00e9rcoles por la noche en la esquina de calle Soldado Bord\u00f3n y Villamonte, de Paran\u00e1.<\/p>\n\n\n\n<p>La causa penal est\u00e1 reservada, ya que no hay como en el caso de Esteban una persona individualizada por el hecho. En la parte civil, la familia Gonz\u00e1lez tuvo buenas noticias al ganar en primera instancia el juicio, ya que se demostr\u00f3 que hubo negligencia por parte de la Municipalidad de Paran\u00e1. La familia Gonz\u00e1lez es representada por los abogados Ricardo Minni y Hugo Gemelli quienes est\u00e1n aguardando la resoluci\u00f3n en segunda instancia.<\/p>\n","protected":false},"excerpt":{"rendered":"<p>La investigaci&oacute;n por el caso de Esteban Bogado, el ni&ntilde;o que sufri&oacute; una fuerte descarga el&eacute;ctrica cuando trat&oacute; de recuperar una pelota en una vivienda de calle Lamadrid de Paran&aacute;, ya se encuentra iniciada con la apertura de causa. La Fiscal&iacute;a cit&oacute; al sacerdote involucrado para que designe abogado defensor, en el marco de una [&hellip;]<\/p>\n","protected":false},"author":2,"featured_media":33226,"comment_status":"closed","ping_status":"closed","sticky":false,"template":"","format":"standard","meta":{"footnotes":""},"categories":[90,3,49],"tags":[6657,3829,95],"class_list":["post-33225","post","type-post","status-publish","format-standard","has-post-thumbnail","hentry","category-judicial","category-locales","category-sociedad","tag-esteban-bogado","tag-fiscalia","tag-parana"],"_links":{"self":[{"href":"https:\/\/impactodenoticias.com.ar\/index.php?rest_route=\/wp\/v2\/posts\/33225","targetHints":{"allow":["GET"]}}],"collection":[{"href":"https:\/\/impactodenoticias.com.ar\/index.php?rest_route=\/wp\/v2\/posts"}],"about":[{"href":"https:\/\/impactodenoticias.com.ar\/index.php?rest_route=\/wp\/v2\/types\/post"}],"author":[{"embeddable":true,"href":"https:\/\/impactodenoticias.com.ar\/index.php?rest_route=\/wp\/v2\/users\/2"}],"replies":[{"embeddable":true,"href":"https:\/\/impactodenoticias.com.ar\/index.php?rest_route=%2Fwp%2Fv2%2Fcomments&post=33225"}],"version-history":[{"count":1,"href":"https:\/\/impactodenoticias.com.ar\/index.php?rest_route=\/wp\/v2\/posts\/33225\/revisions"}],"predecessor-version":[{"id":33227,"href":"https:\/\/impactodenoticias.com.ar\/index.php?rest_route=\/wp\/v2\/posts\/33225\/revisions\/33227"}],"wp:featuredmedia":[{"embeddable":true,"href":"https:\/\/impactodenoticias.com.ar\/index.php?rest_route=\/wp\/v2\/media\/33226"}],"wp:attachment":[{"href":"https:\/\/impactodenoticias.com.ar\/index.php?rest_route=%2Fwp%2Fv2%2Fmedia&parent=33225"}],"wp:term":[{"taxonomy":"category","embeddable":true,"href":"https:\/\/impactodenoticias.com.ar\/index.php?rest_route=%2Fwp%2Fv2%2Fcategories&post=33225"},{"taxonomy":"post_tag","embeddable":true,"href":"https:\/\/impactodenoticias.com.ar\/index.php?rest_route=%2Fwp%2Fv2%2Ftags&post=33225"}],"curies":[{"name":"wp","href":"https:\/\/api.w.org\/{rel}","templated":true}]}}