{"id":33228,"date":"2026-03-11T12:15:44","date_gmt":"2026-03-11T15:15:44","guid":{"rendered":"https:\/\/impactodenoticias.com.ar\/?p=33228"},"modified":"2026-03-11T12:15:44","modified_gmt":"2026-03-11T15:15:44","slug":"grave-accidente-vial-en-autovia-14-un-camion-se-cruzo-de-carril-choco-varios-vehiculos-y-termino-volcando","status":"publish","type":"post","link":"https:\/\/impactodenoticias.com.ar\/?p=33228","title":{"rendered":"Grave accidente vial en Autov\u00eda 14: un cami\u00f3n se cruz\u00f3 de carril, choc\u00f3 varios veh\u00edculos y termin\u00f3 volcando"},"content":{"rendered":"\n<h2 class=\"wp-block-heading\">Un siniestro vial que involucr\u00f3 a varios veh\u00edculos se produjo este mi\u00e9rcoles por la ma\u00f1ana en la Ruta Nacional 14, en la zona sur de la provincia de Entre R\u00edos, a la altura del kil\u00f3metro 53 cerca de Gualeguaych\u00fa.<\/h2>\n\n\n\n<p>El accidente vial se registr\u00f3 aproximadamente a las 7:20, cuando un cami\u00f3n con semirremolque que transportaba sal perdi\u00f3 el control, cruz\u00f3 el cantero central e impact\u00f3 contra un autom\u00f3vil que circulaba en sentido contrario.<\/p>\n\n\n\n<p>En el lugar hay tr\u00e1nsito cortado en la mano norte-sur y asistido con demoras en el carril sur-norte. Se pide extremar la precauci\u00f3n a los conductores.<\/p>\n\n\n\n<p>Seg\u00fan los primeros datos obtenidos en el lugar del siniestro vial, el cami\u00f3n semirremolque cargado con sal circulaba de sur a norte cuando, por causas que se tratan de establecer, el conductor perdi\u00f3 el control, atravesando el cantero central de la autov\u00eda e invadi\u00f3 el carril contrario, en su recorrido embisti\u00f3 a un auto Megane que transitaba en sentido norte\u2013sur, al que impact\u00f3 en la parte trasera izquierda. Tras ese primer choque, el cami\u00f3n golpe\u00f3 adem\u00e1s a otro cami\u00f3n que se encontraba estacionado en el \u00e1rea.<\/p>\n\n\n\n<p>Poco despu\u00e9s, una camioneta termin\u00f3 chocando contra la carga de sal volcada sobre la calzada producto del siniestro.<\/p>\n\n\n\n<p>El conductor del cami\u00f3n es un hombre de 41 a\u00f1os oriundo de la ciudad de Venado Tuerto, y tuvo que ser trasladado al Hospital Centenario de Gualeguaych\u00fa. El hombre presentaba lesiones en la pierna derecha y estaba siendo sometido a estudios radiol\u00f3gicos para determinar la gravedad de las heridas.<\/p>\n\n\n\n<p>Los dem\u00e1s veh\u00edculos involucrados eran conducidos \u00fanicamente por sus respectivos conductores y, seg\u00fan se inform\u00f3, ninguno de ellos result\u00f3 con lesiones.<\/p>\n","protected":false},"excerpt":{"rendered":"<p>Un siniestro vial que involucr&oacute; a varios veh&iacute;culos se produjo este mi&eacute;rcoles por la ma&ntilde;ana en la Ruta Nacional 14, en la zona sur de la provincia de Entre R&iacute;os, a la altura del kil&oacute;metro 53 cerca de Gualeguaych&uacute;. El accidente vial se registr&oacute; aproximadamente a las 7:20, cuando un cami&oacute;n con semirremolque que transportaba [&hellip;]<\/p>\n","protected":false},"author":2,"featured_media":33229,"comment_status":"closed","ping_status":"closed","sticky":false,"template":"","format":"standard","meta":{"footnotes":""},"categories":[8,4],"tags":[120,507,545,394,828,336],"class_list":["post-33228","post","type-post","status-publish","format-standard","has-post-thumbnail","hentry","category-policiales","category-provinciales","tag-accidente","tag-auto","tag-camion","tag-heridos","tag-ruta-14","tag-vuelco"],"_links":{"self":[{"href":"https:\/\/impactodenoticias.com.ar\/index.php?rest_route=\/wp\/v2\/posts\/33228","targetHints":{"allow":["GET"]}}],"collection":[{"href":"https:\/\/impactodenoticias.com.ar\/index.php?rest_route=\/wp\/v2\/posts"}],"about":[{"href":"https:\/\/impactodenoticias.com.ar\/index.php?rest_route=\/wp\/v2\/types\/post"}],"author":[{"embeddable":true,"href":"https:\/\/impactodenoticias.com.ar\/index.php?rest_route=\/wp\/v2\/users\/2"}],"replies":[{"embeddable":true,"href":"https:\/\/impactodenoticias.com.ar\/index.php?rest_route=%2Fwp%2Fv2%2Fcomments&post=33228"}],"version-history":[{"count":1,"href":"https:\/\/impactodenoticias.com.ar\/index.php?rest_route=\/wp\/v2\/posts\/33228\/revisions"}],"predecessor-version":[{"id":33230,"href":"https:\/\/impactodenoticias.com.ar\/index.php?rest_route=\/wp\/v2\/posts\/33228\/revisions\/33230"}],"wp:featuredmedia":[{"embeddable":true,"href":"https:\/\/impactodenoticias.com.ar\/index.php?rest_route=\/wp\/v2\/media\/33229"}],"wp:attachment":[{"href":"https:\/\/impactodenoticias.com.ar\/index.php?rest_route=%2Fwp%2Fv2%2Fmedia&parent=33228"}],"wp:term":[{"taxonomy":"category","embeddable":true,"href":"https:\/\/impactodenoticias.com.ar\/index.php?rest_route=%2Fwp%2Fv2%2Fcategories&post=33228"},{"taxonomy":"post_tag","embeddable":true,"href":"https:\/\/impactodenoticias.com.ar\/index.php?rest_route=%2Fwp%2Fv2%2Ftags&post=33228"}],"curies":[{"name":"wp","href":"https:\/\/api.w.org\/{rel}","templated":true}]}}