{"id":33266,"date":"2026-03-16T09:19:40","date_gmt":"2026-03-16T12:19:40","guid":{"rendered":"https:\/\/impactodenoticias.com.ar\/?p=33266"},"modified":"2026-03-16T09:19:41","modified_gmt":"2026-03-16T12:19:41","slug":"parana-se-incendio-una-vivienda-y-una-persona-tuvo-que-ser-hospitalizada","status":"publish","type":"post","link":"https:\/\/impactodenoticias.com.ar\/?p=33266","title":{"rendered":"Paran\u00e1: se incendi\u00f3 una vivienda y una persona tuvo que ser hospitalizada"},"content":{"rendered":"\n<h2 class=\"wp-block-heading\">Este lunes se registr\u00f3 un incendio en una vivienda ubicada en la zona oeste de Paran\u00e1 y una persona fue hospitalizada. El siniestro se desarroll\u00f3 en calle Rep\u00fablica de Siria, entre El Resero y Segundo Sombra.<\/h2>\n\n\n\n<p>Al lugar acudi\u00f3 una dotaci\u00f3n de Bomberos Voluntarios, quienes llevaron a cabo las tareas de extinci\u00f3n para controlar las llamas. Seg\u00fan informaron, el fuego afect\u00f3 gran parte de la construcci\u00f3n y las p\u00e9rdidas materiales dentro de la vivienda fueron importantes.<\/p>\n\n\n\n<p>se indic\u00f3 adem\u00e1s que una persona debi\u00f3 ser asistida y trasladada hacia el Hospital San Mart\u00edn. En el nosocomio recibi\u00f3 las primeras curaciones y qued\u00f3 bajo observaci\u00f3n para evaluar su estado de salud.<\/p>\n\n\n\n<p>Se desconocen las causas que habr\u00edan originado el foco \u00edgneo, las cuales ser\u00e1n determinadas luego de los peritajes correspondientes a cargo de las autoridades.<\/p>\n\n\n\n<p><\/p>\n\n\n\n<figure class=\"wp-block-video\"><video height=\"850\" style=\"aspect-ratio: 478 \/ 850;\" width=\"478\" controls src=\"https:\/\/impactodenoticias.com.ar\/wp-content\/uploads\/2026\/03\/Incendio-Vivienda-Parana.mp4\"><\/video><\/figure>\n\n\n\n<p><\/p>\n\n\n\n<p><\/p>\n","protected":false},"excerpt":{"rendered":"<p>Este lunes se registr&oacute; un incendio en una vivienda ubicada en la zona oeste de Paran&aacute; y una persona fue hospitalizada. El siniestro se desarroll&oacute; en calle Rep&uacute;blica de Siria, entre El Resero y Segundo Sombra. Al lugar acudi&oacute; una dotaci&oacute;n de Bomberos Voluntarios, quienes llevaron a cabo las tareas de extinci&oacute;n para controlar las [&hellip;]<\/p>\n","protected":false},"author":2,"featured_media":33268,"comment_status":"closed","ping_status":"closed","sticky":false,"template":"","format":"standard","meta":{"footnotes":""},"categories":[3,8],"tags":[227,95,366],"class_list":["post-33266","post","type-post","status-publish","format-standard","has-post-thumbnail","hentry","category-locales","category-policiales","tag-incendio","tag-parana","tag-vivienda"],"_links":{"self":[{"href":"https:\/\/impactodenoticias.com.ar\/index.php?rest_route=\/wp\/v2\/posts\/33266","targetHints":{"allow":["GET"]}}],"collection":[{"href":"https:\/\/impactodenoticias.com.ar\/index.php?rest_route=\/wp\/v2\/posts"}],"about":[{"href":"https:\/\/impactodenoticias.com.ar\/index.php?rest_route=\/wp\/v2\/types\/post"}],"author":[{"embeddable":true,"href":"https:\/\/impactodenoticias.com.ar\/index.php?rest_route=\/wp\/v2\/users\/2"}],"replies":[{"embeddable":true,"href":"https:\/\/impactodenoticias.com.ar\/index.php?rest_route=%2Fwp%2Fv2%2Fcomments&post=33266"}],"version-history":[{"count":1,"href":"https:\/\/impactodenoticias.com.ar\/index.php?rest_route=\/wp\/v2\/posts\/33266\/revisions"}],"predecessor-version":[{"id":33269,"href":"https:\/\/impactodenoticias.com.ar\/index.php?rest_route=\/wp\/v2\/posts\/33266\/revisions\/33269"}],"wp:featuredmedia":[{"embeddable":true,"href":"https:\/\/impactodenoticias.com.ar\/index.php?rest_route=\/wp\/v2\/media\/33268"}],"wp:attachment":[{"href":"https:\/\/impactodenoticias.com.ar\/index.php?rest_route=%2Fwp%2Fv2%2Fmedia&parent=33266"}],"wp:term":[{"taxonomy":"category","embeddable":true,"href":"https:\/\/impactodenoticias.com.ar\/index.php?rest_route=%2Fwp%2Fv2%2Fcategories&post=33266"},{"taxonomy":"post_tag","embeddable":true,"href":"https:\/\/impactodenoticias.com.ar\/index.php?rest_route=%2Fwp%2Fv2%2Ftags&post=33266"}],"curies":[{"name":"wp","href":"https:\/\/api.w.org\/{rel}","templated":true}]}}