{"id":3336,"date":"2024-08-30T11:00:05","date_gmt":"2024-08-30T14:00:05","guid":{"rendered":"https:\/\/impactodenoticias.com.ar\/?p=3336"},"modified":"2024-08-31T23:39:39","modified_gmt":"2024-09-01T02:39:39","slug":"parana-se-suspendio-la-reunion-por-el-transporte-de-colectivos-y-hay-posibilidad-de-nuevo-paro","status":"publish","type":"post","link":"https:\/\/impactodenoticias.com.ar\/?p=3336","title":{"rendered":"Paran\u00e1: se suspendi\u00f3 la reuni\u00f3n por el transporte de colectivos y hay posibilidad de nuevo \u00abparo\u00bb"},"content":{"rendered":"\n<p><strong>UTA Entre R\u00edos cuestion\u00f3 que no fueron notificados de la suspensi\u00f3n. Adelantaron que: \u00abSi no se acreditan los sueldos vamos a tomar medidas\u00bb.<\/strong><\/p>\n\n\n\n<p>Se suspendi\u00f3 la reuni\u00f3n prevista este viernes a las 10 en la Secretar\u00eda de Trabajo, en el marco de la conciliaci\u00f3n obligatoria por el conflicto del transporte en Paran\u00e1. Del encuentro deb\u00edan participar el gremio, Buses Paran\u00e1, la Municipalidad y la Provincia.<\/p>\n\n\n\n<p>Desde la Uni\u00f3n Tranviarios Automotor \u2013UTA\u2013 Entre R\u00edos se\u00f1alaron que se enteraron de la decisi\u00f3n una vez que llegaron a la audiencia que se iba a llevar a cabo en las oficinas de calle Buenos Aires de la capital entrerriana. Destacaron que la decisi\u00f3n genera \u201cincertidumbre\u201c.<\/p>\n\n\n\n<p>\u201cMe sorprende porque estaba todo dado para reunirnos a las 10\u201c, indic\u00f3 Juan Jos\u00e9 Brito, secretario General de la UTA. \u201cNo tenemos ning\u00fan argumento\u201c, manifest\u00f3, respecto de la suspensi\u00f3n, en declaraciones a la prensa.<\/p>\n\n\n\n<p>Y agreg\u00f3: \u201cVen\u00edamos con la expectativa incierta porque no tenemos novedades de la empresa. Como UTA no nos notificaron nada\u201c, lament\u00f3, y advirti\u00f3 que \u201cen vez de solucionar y poner pa\u00f1os fr\u00edos al conflicto, hace que los trabajadores se molesten\u201d.<\/p>\n\n\n\n<p>\u201cEstamos poniendo toda la buena voluntad de los trabajadores de esperar y siempre nos encontramos con algo raro\u201c, destac\u00f3 Brito.<\/p>\n\n\n\n<p>Adem\u00e1s confirm\u00f3 que esta semana se pag\u00f3 la segunda cuota del bono adeudado. De todas formas y de cara al cierre de la conciliaci\u00f3n el 5 de septiembre y de la nueva fecha de pago de los haberes de agosto, adelant\u00f3: \u201cSi no se acreditan los sueldos vamos a tomar medidas. Esperemos que esto se solucione porque es lo que queremos todos, trabajadores y usuarios\u201d, cerr\u00f3.<\/p>\n","protected":false},"excerpt":{"rendered":"<p>UTA Entre R&iacute;os cuestion&oacute; que no fueron notificados de la suspensi&oacute;n. Adelantaron que: &laquo;Si no se acreditan los sueldos vamos a tomar medidas&raquo;. Se suspendi&oacute; la reuni&oacute;n prevista este viernes a las 10 en la Secretar&iacute;a de Trabajo, en el marco de la conciliaci&oacute;n obligatoria por el conflicto del transporte en Paran&aacute;. Del encuentro deb&iacute;an [&hellip;]<\/p>\n","protected":false},"author":2,"featured_media":3337,"comment_status":"open","ping_status":"open","sticky":false,"template":"","format":"standard","meta":{"footnotes":""},"categories":[91,3],"tags":[738,95,1550,365],"class_list":["post-3336","post","type-post","status-publish","format-standard","has-post-thumbnail","hentry","category-gremiales","category-locales","tag-conciliacion","tag-parana","tag-suspencion","tag-uta"],"_links":{"self":[{"href":"https:\/\/impactodenoticias.com.ar\/index.php?rest_route=\/wp\/v2\/posts\/3336","targetHints":{"allow":["GET"]}}],"collection":[{"href":"https:\/\/impactodenoticias.com.ar\/index.php?rest_route=\/wp\/v2\/posts"}],"about":[{"href":"https:\/\/impactodenoticias.com.ar\/index.php?rest_route=\/wp\/v2\/types\/post"}],"author":[{"embeddable":true,"href":"https:\/\/impactodenoticias.com.ar\/index.php?rest_route=\/wp\/v2\/users\/2"}],"replies":[{"embeddable":true,"href":"https:\/\/impactodenoticias.com.ar\/index.php?rest_route=%2Fwp%2Fv2%2Fcomments&post=3336"}],"version-history":[{"count":1,"href":"https:\/\/impactodenoticias.com.ar\/index.php?rest_route=\/wp\/v2\/posts\/3336\/revisions"}],"predecessor-version":[{"id":3338,"href":"https:\/\/impactodenoticias.com.ar\/index.php?rest_route=\/wp\/v2\/posts\/3336\/revisions\/3338"}],"wp:featuredmedia":[{"embeddable":true,"href":"https:\/\/impactodenoticias.com.ar\/index.php?rest_route=\/wp\/v2\/media\/3337"}],"wp:attachment":[{"href":"https:\/\/impactodenoticias.com.ar\/index.php?rest_route=%2Fwp%2Fv2%2Fmedia&parent=3336"}],"wp:term":[{"taxonomy":"category","embeddable":true,"href":"https:\/\/impactodenoticias.com.ar\/index.php?rest_route=%2Fwp%2Fv2%2Fcategories&post=3336"},{"taxonomy":"post_tag","embeddable":true,"href":"https:\/\/impactodenoticias.com.ar\/index.php?rest_route=%2Fwp%2Fv2%2Ftags&post=3336"}],"curies":[{"name":"wp","href":"https:\/\/api.w.org\/{rel}","templated":true}]}}