{"id":3339,"date":"2024-08-30T11:06:10","date_gmt":"2024-08-30T14:06:10","guid":{"rendered":"https:\/\/impactodenoticias.com.ar\/?p=3339"},"modified":"2024-08-30T11:06:11","modified_gmt":"2024-08-30T14:06:11","slug":"bovril-un-sujeto-ataco-a-golpes-a-policias-el-detenido-es-oriundo-de-san-benito","status":"publish","type":"post","link":"https:\/\/impactodenoticias.com.ar\/?p=3339","title":{"rendered":"Bovril: un sujeto atac\u00f3 a golpes a polic\u00edas, el detenido es oriundo de San Benito"},"content":{"rendered":"\n<p><strong>La Polic\u00eda trato de identificarlo y comenz\u00f3 a lanzar golpes de pu\u00f1o. El detenido es de San Benito, informaron.<\/strong><\/p>\n\n\n\n<p>Un hombre fue detenido en Bovril, departamento La Paz, tras atacar a golpes de pu\u00f1o a agentes de la Polic\u00eda de Entre R\u00edos. El agresor tiene 34 a\u00f1os y es oriundo de San Benito. Estaba junto a otro joven, de 23 y domiciliado en Sauce Luna, Federal, quien qued\u00f3 en libertad.<\/p>\n\n\n\n<p>Seg\u00fan se inform\u00f3 a <strong>IMPACTO NOTICIAS<\/strong>, el hecho sucedi\u00f3 este jueves por la noche a las 21, cuando personal policial de Comisar\u00eda Bovril se dirigi\u00f3 a la zona de la terminal de \u00f3mnibus tras recibir un llamado telef\u00f3nico que alertaba sobre la presencia de dos personas en actitud sospechosa.<\/p>\n\n\n\n<p>Al intentar identificar a los individuos, uno de ellos, reaccion\u00f3 de manera violenta y arremeti\u00f3 con golpes de pu\u00f1o contra los agentes por lo que fue reducido y detenido en el lugar por el delito de \u201cResistencia y Atentado contra la Autoridad\u201d.<\/p>\n\n\n\n<p>Adem\u00e1s se secuestr\u00f3 una mochila de color azul en posesi\u00f3n del detenido, en la cual se visualiz\u00f3 un cartucho calibre .22 o similar, que qued\u00f3 bajo resguardo policial a la espera de la correspondiente requisa, que ser\u00e1 autorizada por la Fiscal\u00eda interviniente.<\/p>\n","protected":false},"excerpt":{"rendered":"<p>La Polic&iacute;a trato de identificarlo y comenz&oacute; a lanzar golpes de pu&ntilde;o. El detenido es de San Benito, informaron. Un hombre fue detenido en Bovril, departamento La Paz, tras atacar a golpes de pu&ntilde;o a agentes de la Polic&iacute;a de Entre R&iacute;os. El agresor tiene 34 a&ntilde;os y es oriundo de San Benito. Estaba junto [&hellip;]<\/p>\n","protected":false},"author":2,"featured_media":3340,"comment_status":"open","ping_status":"open","sticky":false,"template":"","format":"standard","meta":{"footnotes":""},"categories":[8,4],"tags":[307,1551,146,263,386],"class_list":["post-3339","post","type-post","status-publish","format-standard","has-post-thumbnail","hentry","category-policiales","category-provinciales","tag-bovril","tag-golpes","tag-hombre","tag-policias-3","tag-san-benito"],"_links":{"self":[{"href":"https:\/\/impactodenoticias.com.ar\/index.php?rest_route=\/wp\/v2\/posts\/3339","targetHints":{"allow":["GET"]}}],"collection":[{"href":"https:\/\/impactodenoticias.com.ar\/index.php?rest_route=\/wp\/v2\/posts"}],"about":[{"href":"https:\/\/impactodenoticias.com.ar\/index.php?rest_route=\/wp\/v2\/types\/post"}],"author":[{"embeddable":true,"href":"https:\/\/impactodenoticias.com.ar\/index.php?rest_route=\/wp\/v2\/users\/2"}],"replies":[{"embeddable":true,"href":"https:\/\/impactodenoticias.com.ar\/index.php?rest_route=%2Fwp%2Fv2%2Fcomments&post=3339"}],"version-history":[{"count":1,"href":"https:\/\/impactodenoticias.com.ar\/index.php?rest_route=\/wp\/v2\/posts\/3339\/revisions"}],"predecessor-version":[{"id":3341,"href":"https:\/\/impactodenoticias.com.ar\/index.php?rest_route=\/wp\/v2\/posts\/3339\/revisions\/3341"}],"wp:featuredmedia":[{"embeddable":true,"href":"https:\/\/impactodenoticias.com.ar\/index.php?rest_route=\/wp\/v2\/media\/3340"}],"wp:attachment":[{"href":"https:\/\/impactodenoticias.com.ar\/index.php?rest_route=%2Fwp%2Fv2%2Fmedia&parent=3339"}],"wp:term":[{"taxonomy":"category","embeddable":true,"href":"https:\/\/impactodenoticias.com.ar\/index.php?rest_route=%2Fwp%2Fv2%2Fcategories&post=3339"},{"taxonomy":"post_tag","embeddable":true,"href":"https:\/\/impactodenoticias.com.ar\/index.php?rest_route=%2Fwp%2Fv2%2Ftags&post=3339"}],"curies":[{"name":"wp","href":"https:\/\/api.w.org\/{rel}","templated":true}]}}