{"id":3342,"date":"2024-08-30T11:18:22","date_gmt":"2024-08-30T14:18:22","guid":{"rendered":"https:\/\/impactodenoticias.com.ar\/?p=3342"},"modified":"2024-08-30T11:18:23","modified_gmt":"2024-08-30T14:18:23","slug":"ruta-12-fue-hospitalizado-el-conductor-de-un-utilitario-que-se-incendio-en-cercania-de-ceibas","status":"publish","type":"post","link":"https:\/\/impactodenoticias.com.ar\/?p=3342","title":{"rendered":"Ruta 12: fue hospitalizado el conductor de un utilitario que se incendi\u00f3 en cercan\u00eda de Ceibas"},"content":{"rendered":"\n<h3 class=\"wp-block-heading\">En el veh\u00edculo se trasladaba una pareja y el cu\u00f1ado. Le utilitaria qued\u00f3 consumida totalmente tras incendiarse en plena ruta, camino de Entre R\u00edos a Buenos Aires.<\/h3>\n\n\n\n<p>Se produjo el incendio total de una camioneta en la Autov\u00eda N\u00b0 12, precisamente en el kil\u00f3metro 140, en el sentido de Entre R\u00edos a Buenos Aires. El conductor se descompuso luego del hecho y fue hospitalizado.<\/p>\n\n\n\n<p>Los Bomberos Voluntarios de Ceibas llegaron hasta el lugar. El fuego ya estaba generalizado, por lo que se comenz\u00f3 con la tarea de sofocaci\u00f3n y enfriamiento y evitar que se expandiera a los pastizales de banquina. Informaron que las p\u00e9rdidas fueron totales.<\/p>\n\n\n\n<p><\/p>\n\n\n\n<figure class=\"wp-block-image size-full\"><img loading=\"lazy\" decoding=\"async\" width=\"668\" height=\"378\" src=\"https:\/\/impactodenoticias.com.ar\/wp-content\/uploads\/2024\/08\/scrnli_30_8_2024_11-08-48.png\" alt=\"\" class=\"wp-image-3343\" srcset=\"https:\/\/impactodenoticias.com.ar\/wp-content\/uploads\/2024\/08\/scrnli_30_8_2024_11-08-48.png 668w, https:\/\/impactodenoticias.com.ar\/wp-content\/uploads\/2024\/08\/scrnli_30_8_2024_11-08-48-300x170.png 300w\" sizes=\"auto, (max-width: 668px) 100vw, 668px\" \/><\/figure>\n\n\n\n<p><\/p>\n\n\n\n<p>De acuerdo al testimonio del conductor, se dirig\u00edan de regreso a su casa de Vicente L\u00f3pez, en Buenos Aires. All\u00ed vio que comenz\u00f3 el fuego en la zona del motor y r\u00e1pidamente descendieron junto a su pareja y cu\u00f1ado. El fuego se expandi\u00f3 velozmente destruyendo por completo el veh\u00edculo.<\/p>\n\n\n\n<p>Cuando se inici\u00f3 el trabajo con una l\u00ednea de agua para terminar de sofocar y enfriar, el conductor se descompuso y en ses momento pasaba una ambulancia particular por el lugar y lo trasladaron al Hospital Eva Duarte de Ceibas, donde qued\u00f3 en observaci\u00f3n.<\/p>\n\n\n\n<p>Trabaj\u00f3 en el lugar la Polic\u00eda de Ceibas por jurisdicci\u00f3n, la Polic\u00eda Caminera Brazo Largo, Gendarmer\u00eda Nacional Puesto Ceibas y una dotaci\u00f3n de Bomberos Voluntarios Ceibas.<\/p>\n","protected":false},"excerpt":{"rendered":"<p>En el veh&iacute;culo se trasladaba una pareja y el cu&ntilde;ado. Le utilitaria qued&oacute; consumida totalmente tras incendiarse en plena ruta, camino de Entre R&iacute;os a Buenos Aires. Se produjo el incendio total de una camioneta en la Autov&iacute;a N&deg; 12, precisamente en el kil&oacute;metro 140, en el sentido de Entre R&iacute;os a Buenos Aires. El [&hellip;]<\/p>\n","protected":false},"author":2,"featured_media":3344,"comment_status":"open","ping_status":"open","sticky":false,"template":"","format":"standard","meta":{"footnotes":""},"categories":[8,4],"tags":[1552,227,293,239],"class_list":["post-3342","post","type-post","status-publish","format-standard","has-post-thumbnail","hentry","category-policiales","category-provinciales","tag-ceibas","tag-incendio","tag-ruta-12","tag-utilitario"],"_links":{"self":[{"href":"https:\/\/impactodenoticias.com.ar\/index.php?rest_route=\/wp\/v2\/posts\/3342","targetHints":{"allow":["GET"]}}],"collection":[{"href":"https:\/\/impactodenoticias.com.ar\/index.php?rest_route=\/wp\/v2\/posts"}],"about":[{"href":"https:\/\/impactodenoticias.com.ar\/index.php?rest_route=\/wp\/v2\/types\/post"}],"author":[{"embeddable":true,"href":"https:\/\/impactodenoticias.com.ar\/index.php?rest_route=\/wp\/v2\/users\/2"}],"replies":[{"embeddable":true,"href":"https:\/\/impactodenoticias.com.ar\/index.php?rest_route=%2Fwp%2Fv2%2Fcomments&post=3342"}],"version-history":[{"count":1,"href":"https:\/\/impactodenoticias.com.ar\/index.php?rest_route=\/wp\/v2\/posts\/3342\/revisions"}],"predecessor-version":[{"id":3345,"href":"https:\/\/impactodenoticias.com.ar\/index.php?rest_route=\/wp\/v2\/posts\/3342\/revisions\/3345"}],"wp:featuredmedia":[{"embeddable":true,"href":"https:\/\/impactodenoticias.com.ar\/index.php?rest_route=\/wp\/v2\/media\/3344"}],"wp:attachment":[{"href":"https:\/\/impactodenoticias.com.ar\/index.php?rest_route=%2Fwp%2Fv2%2Fmedia&parent=3342"}],"wp:term":[{"taxonomy":"category","embeddable":true,"href":"https:\/\/impactodenoticias.com.ar\/index.php?rest_route=%2Fwp%2Fv2%2Fcategories&post=3342"},{"taxonomy":"post_tag","embeddable":true,"href":"https:\/\/impactodenoticias.com.ar\/index.php?rest_route=%2Fwp%2Fv2%2Ftags&post=3342"}],"curies":[{"name":"wp","href":"https:\/\/api.w.org\/{rel}","templated":true}]}}