{"id":3350,"date":"2024-08-30T11:59:56","date_gmt":"2024-08-30T14:59:56","guid":{"rendered":"https:\/\/impactodenoticias.com.ar\/?p=3350"},"modified":"2024-08-30T11:59:57","modified_gmt":"2024-08-30T14:59:57","slug":"parana-hondo-pesar-en-la-escuela-ex-comercio-n1-por-el-fallecimiento-de-una-docente","status":"publish","type":"post","link":"https:\/\/impactodenoticias.com.ar\/?p=3350","title":{"rendered":"Paran\u00e1: hondo pesar en la Escuela Ex Comercio N\u00b01 por el fallecimiento de una docente"},"content":{"rendered":"\n<h3 class=\"wp-block-heading\">El fallecimiento de Maril\u00fa Pulido gener\u00f3 una enorme conmoci\u00f3n en la comunidad educativa. Sus restos ser\u00e1n velados este viernes.<\/h3>\n\n\n\n<p>Muri\u00f3 este jueves la profesora de Ingl\u00e9s Maril\u00fa Pulido. Se trata de una conocida docente es la Escuela N\u00b036 Justo Jos\u00e9 de Urquiza, ex Comercio N\u00b01. Desde la instituci\u00f3n compartieron la noticia y expresaron su \u201cgran tristeza y hondo pesar\u201d.<\/p>\n\n\n\n<p>\u201cDespedimos a Maril\u00fa y, con ella, un pedacito del coraz\u00f3n de nuestra escuela, su escuela. Desde aqu\u00ed, acompa\u00f1amos y abrazamos a familiares, amigos y colegas en este momento de profundo dolor\u201d, expresan por medio de un comunicado en las redes sociales.<\/p>\n\n\n\n<p>Se inform\u00f3 que el velatorio ser\u00e1 este viernes de 7:00 a 12.30 en la sala de SASFER -Urquiza 431-. En tanto, a las 12.30 partir\u00e1 el Cortejo f\u00fanebre hacia el Cementerio Parque de La Paz de la localidad de Santa Benito.<\/p>\n\n\n\n<p><strong>Despedida en la Escuela Normal de Paran\u00e1<\/strong><\/p>\n\n\n\n<p>La Decana de la FHAyCS de UADER Mar\u00eda Gracia Benedetti; el vicedecano Daniel Richar; la Secretaria de Escuelas Mar\u00eda Sol Barrera; el equipo de gesti\u00f3n y compa\u00f1eras de trabajo de la Escuela Normal \u201cJos\u00e9 Mar\u00eda Torres\u201d expresaron tambi\u00e9n su profundo pesar por el fallecimiento de la Profesora Maril\u00fa Pulido.<\/p>\n\n\n\n<p><em>Querida Maril\u00fa<\/em><\/p>\n\n\n\n<p><em>Hoy nos toca despedirte, y no podemos evitar sentir una profunda tristeza por tu partida. Has sido una compa\u00f1era inigualable, siempre dispuesta a brindar una mano amiga, a escuchar con empat\u00eda y a compartir tu luz con todos nosotros.<\/em><\/p>\n\n\n\n<p><em>Como colega, nos inspiraste con tus ideas, escritos y pasi\u00f3n. Nos ense\u00f1aste a trabajar, tenemos como docentes un pedacito de vos, y agradecidas estamos de eso.<\/em><\/p>\n\n\n\n<p><em>Tu calidez humana y tu solidaridad han dejado una marca imborrable en cada una de nosotras. No solo hemos perdido una colega, sino tambi\u00e9n a una gran amiga, alguien que siempre estuvo ah\u00ed para ofrecer su apoyo y su cari\u00f1o incondicional.<\/em><\/p>\n\n\n\n<p><em>Aunque nos duele verte partir, sabemos que seguir\u00e1s brillando y gui\u00e1ndonos como lo has hecho aqu\u00ed. Te extra\u00f1aremos mucho, Maril\u00fa, pero llevaremos con nosotras los momentos compartidos, las risas, y todo lo que aprendimos de vos<\/em><\/p>\n\n\n\n<p><em>Gracias por ser, por estar, y por todo lo que nos diste.<\/em><\/p>\n\n\n\n<p><em>Con mucho cari\u00f1o y gratitud,<\/em><\/p>\n\n\n\n<p><em>Tus amigas y Teachers de la Normal.<\/em><\/p>\n","protected":false},"excerpt":{"rendered":"<p>El fallecimiento de Maril&uacute; Pulido gener&oacute; una enorme conmoci&oacute;n en la comunidad educativa. Sus restos ser&aacute;n velados este viernes. Muri&oacute; este jueves la profesora de Ingl&eacute;s Maril&uacute; Pulido. Se trata de una conocida docente es la Escuela N&deg;36 Justo Jos&eacute; de Urquiza, ex Comercio N&deg;1. Desde la instituci&oacute;n compartieron la noticia y expresaron su &ldquo;gran [&hellip;]<\/p>\n","protected":false},"author":2,"featured_media":3351,"comment_status":"open","ping_status":"open","sticky":false,"template":"","format":"standard","meta":{"footnotes":""},"categories":[3,49],"tags":[1557,124,1556],"class_list":["post-3350","post","type-post","status-publish","format-standard","has-post-thumbnail","hentry","category-locales","category-sociedad","tag-escuela-ex-comercio-n1","tag-fallecimiento","tag-marilu-pulido"],"_links":{"self":[{"href":"https:\/\/impactodenoticias.com.ar\/index.php?rest_route=\/wp\/v2\/posts\/3350","targetHints":{"allow":["GET"]}}],"collection":[{"href":"https:\/\/impactodenoticias.com.ar\/index.php?rest_route=\/wp\/v2\/posts"}],"about":[{"href":"https:\/\/impactodenoticias.com.ar\/index.php?rest_route=\/wp\/v2\/types\/post"}],"author":[{"embeddable":true,"href":"https:\/\/impactodenoticias.com.ar\/index.php?rest_route=\/wp\/v2\/users\/2"}],"replies":[{"embeddable":true,"href":"https:\/\/impactodenoticias.com.ar\/index.php?rest_route=%2Fwp%2Fv2%2Fcomments&post=3350"}],"version-history":[{"count":1,"href":"https:\/\/impactodenoticias.com.ar\/index.php?rest_route=\/wp\/v2\/posts\/3350\/revisions"}],"predecessor-version":[{"id":3352,"href":"https:\/\/impactodenoticias.com.ar\/index.php?rest_route=\/wp\/v2\/posts\/3350\/revisions\/3352"}],"wp:featuredmedia":[{"embeddable":true,"href":"https:\/\/impactodenoticias.com.ar\/index.php?rest_route=\/wp\/v2\/media\/3351"}],"wp:attachment":[{"href":"https:\/\/impactodenoticias.com.ar\/index.php?rest_route=%2Fwp%2Fv2%2Fmedia&parent=3350"}],"wp:term":[{"taxonomy":"category","embeddable":true,"href":"https:\/\/impactodenoticias.com.ar\/index.php?rest_route=%2Fwp%2Fv2%2Fcategories&post=3350"},{"taxonomy":"post_tag","embeddable":true,"href":"https:\/\/impactodenoticias.com.ar\/index.php?rest_route=%2Fwp%2Fv2%2Ftags&post=3350"}],"curies":[{"name":"wp","href":"https:\/\/api.w.org\/{rel}","templated":true}]}}