{"id":336,"date":"2024-06-17T18:52:11","date_gmt":"2024-06-17T21:52:11","guid":{"rendered":"https:\/\/impactodenoticias.com.ar\/?p=336"},"modified":"2024-06-17T18:52:12","modified_gmt":"2024-06-17T21:52:12","slug":"ley-bases-alberto-fernandez-me-escribio-que-iba-a-solucionar-el-tema-de-la-energia-en-entre-rios-y-despues-me-bloqueo-el-telefono-dijo-kueider","status":"publish","type":"post","link":"https:\/\/impactodenoticias.com.ar\/?p=336","title":{"rendered":"Ley Bases: Alberto Fern\u00e1ndez me escribi\u00f3 que iba a solucionar el tema de la energ\u00eda en Entre R\u00edos y despu\u00e9s me bloque\u00f3 el tel\u00e9fono, dijo Kueider"},"content":{"rendered":"\n<h3 class=\"wp-block-heading\">El senador nacional entrerriano por Unidad Federal que vot\u00f3 por el s\u00ed a la Ley Bases, se\u00f1al\u00f3 que \u201cno ten\u00eda sentido bloquear\u201d al oficialismo desde la C\u00e1mara alta.<\/h3>\n\n\n\n<p>El senador nacional entrerriano Edgardo Kueider fue uno de los opositores al gobierno que vot\u00f3 a favor de la Ley Bases y manifest\u00f3 que \u201cest\u00e1 convencido\u201d de que \u201chay un sector\u201d de la pol\u00edtica \u201cque quiere que explote todo\u00bb.<\/p>\n\n\n\n<p>En di\u00e1logo con Radio Splendid, el entrerriano justific\u00f3 su voto afirmando que \u201cno ten\u00eda sentido bloquear\u201d al oficialismo desde el Senado y que le parec\u00eda \u201cun capricho innecesario y una mala estrategia\u201d no votar a favor de la Ley.<\/p>\n\n\n\n<p>\u00abEn diciembre, cuando asumieron las nuevas autoridades, nos cuestionaron sobre cu\u00e1l iba a ser nuestra postura, porque la posici\u00f3n era bloquearlos y nos preguntamos por qu\u00e9. En el momento que ingres\u00f3 el DNU, fui el primero en todo el pa\u00eds en posicionarme en contra\u00bb, indic\u00f3.<\/p>\n\n\n\n<p>Kueider afirm\u00f3 que \u201cquer\u00eda que el DNU fuera rechazado\u201d y que gracias a \u201csu estrategia\u201d y a decir \u201cp\u00fablicamente\u00bb que el DNU \u201cas\u00ed como estaba era inconstitucional\u201d se modific\u00f3 el proyecto.<\/p>\n\n\n\n<p>Y agreg\u00f3: \u00abNo podemos entrar en que \u2018si no gobernamos prendemos fuego todo\u2019. No podemos estar constantemente en la posici\u00f3n de no dejar gobernar. Con esa l\u00f3gica, el peronismo lleg\u00f3 a este punto de crisis rotunda\u00bb.<\/p>\n\n\n\n<p>Al ser consultado sobre las expresiones de varios senadores peronistas (Frente de Todos \/Uni\u00f3n por la Patria) sobre llamar \u201ctraidores\u201d a quienes votaron a favor de la Ley Bases, el funcionario afirm\u00f3 que \u00e9l no lo fue y que si alguien \u201ctraicion\u00f3 y destruy\u00f3\u201d al partido fue \u201cAlberto y su tiroteo con Cristina\u201d.<\/p>\n\n\n\n<p>\u201cSi preguntas qui\u00e9n conduce el peronismo hoy, las personas te dan respuestas distintas. Alberto tuvo la oportunidad de reconstruirlo y no lo hizo, se qued\u00f3 en el medio. Adem\u00e1s, me dej\u00f3 por escrito que iba a solucionar el tema de la energ\u00eda en Entre R\u00edos y despu\u00e9s me bloque\u00f3 el tel\u00e9fono. No s\u00e9 si me causa gracia o pena\u00bb, dijo<\/p>\n\n\n\n<p>Los senadores que votaron afirmativamente el proyecto enviado por el Ejecutivo conforman una minor\u00eda dentro del peronismo y, por tal motivo, el porcentaje mayoritario puso sobre la mesa, la discusi\u00f3n sobre si deber\u00edan o no desvincularlos. Al ser consultado por ese tema, Kueider se\u00f1al\u00f3 que \u201cno sabe qu\u00e9 van a hacer\u201d s\u00f3lo asegur\u00f3 que \u201cvan a tener un lindo debate dentro del peronismo\u201d y que se ver\u00e1 \u201cqui\u00e9n es la Patria y quienes son los traidores\u201d.<\/p>\n\n\n\n<p>\u00abUno de los ejes principales de entregar el pa\u00eds es con el RIGI (R\u00e9gimen de Incentivo para Grandes Inversiones) y yo vot\u00e9 en contra. En Uni\u00f3n por la Patria, algunos votaron a favor y, por eso, no sali\u00f3 rechazado \u00bfYo que vot\u00e9 en contra soy traidor a la patria?\u00bb, argument\u00f3.<\/p>\n\n\n\n<p>Adem\u00e1s destac\u00f3 que su voto lo ten\u00eda \u201crecontra decidido\u201d y que \u201cmucha gente lo felicit\u00f3\u00bb porque, si bien piensa \u201cdistinto a este Gobierno\u201d, como senador de la Naci\u00f3n \u201cno puede impedir que se desarrolle\u201d una gesti\u00f3n elegida democr\u00e1ticamente.<\/p>\n\n\n\n<p>\u00abTen\u00edamos que recuperar lo que hab\u00edamos perdido: el debate entre partidos para la modificaci\u00f3n de lo que creemos que est\u00e1 mal. No es un s\u00ed o un no. Hay una agenda poco federal en un pa\u00eds totalmente unitario. Hay que poner eso en el debate\u00bb, sintetiz\u00f3.<\/p>\n\n\n\n<p>Finalizando, Kueider subray\u00f3 que \u201chay que leer por qu\u00e9 la gente vot\u00f3 a Milei\u201d, a pesar de haber dicho \u201ctodo lo que dijo que iba a hacer\u201d durante la campa\u00f1a.<\/p>\n\n\n\n<p>NA<\/p>\n","protected":false},"excerpt":{"rendered":"<p>El senador nacional entrerriano por Unidad Federal que vot&oacute; por el s&iacute; a la Ley Bases, se&ntilde;al&oacute; que &ldquo;no ten&iacute;a sentido bloquear&rdquo; al oficialismo desde la C&aacute;mara alta. El senador nacional entrerriano Edgardo Kueider fue uno de los opositores al gobierno que vot&oacute; a favor de la Ley Bases y manifest&oacute; que &ldquo;est&aacute; convencido&rdquo; de [&hellip;]<\/p>\n","protected":false},"author":2,"featured_media":337,"comment_status":"open","ping_status":"open","sticky":false,"template":"","format":"standard","meta":{"footnotes":""},"categories":[10,11],"tags":[29,30,27,28,31],"class_list":["post-336","post","type-post","status-publish","format-standard","has-post-thumbnail","hentry","category-nacionales","category-politica","tag-alberto-fernandez","tag-cristina-kirchner","tag-edgardo-kueider","tag-ley-bases","tag-rigi"],"_links":{"self":[{"href":"https:\/\/impactodenoticias.com.ar\/index.php?rest_route=\/wp\/v2\/posts\/336","targetHints":{"allow":["GET"]}}],"collection":[{"href":"https:\/\/impactodenoticias.com.ar\/index.php?rest_route=\/wp\/v2\/posts"}],"about":[{"href":"https:\/\/impactodenoticias.com.ar\/index.php?rest_route=\/wp\/v2\/types\/post"}],"author":[{"embeddable":true,"href":"https:\/\/impactodenoticias.com.ar\/index.php?rest_route=\/wp\/v2\/users\/2"}],"replies":[{"embeddable":true,"href":"https:\/\/impactodenoticias.com.ar\/index.php?rest_route=%2Fwp%2Fv2%2Fcomments&post=336"}],"version-history":[{"count":1,"href":"https:\/\/impactodenoticias.com.ar\/index.php?rest_route=\/wp\/v2\/posts\/336\/revisions"}],"predecessor-version":[{"id":338,"href":"https:\/\/impactodenoticias.com.ar\/index.php?rest_route=\/wp\/v2\/posts\/336\/revisions\/338"}],"wp:featuredmedia":[{"embeddable":true,"href":"https:\/\/impactodenoticias.com.ar\/index.php?rest_route=\/wp\/v2\/media\/337"}],"wp:attachment":[{"href":"https:\/\/impactodenoticias.com.ar\/index.php?rest_route=%2Fwp%2Fv2%2Fmedia&parent=336"}],"wp:term":[{"taxonomy":"category","embeddable":true,"href":"https:\/\/impactodenoticias.com.ar\/index.php?rest_route=%2Fwp%2Fv2%2Fcategories&post=336"},{"taxonomy":"post_tag","embeddable":true,"href":"https:\/\/impactodenoticias.com.ar\/index.php?rest_route=%2Fwp%2Fv2%2Ftags&post=336"}],"curies":[{"name":"wp","href":"https:\/\/api.w.org\/{rel}","templated":true}]}}