{"id":33744,"date":"2026-04-29T17:20:09","date_gmt":"2026-04-29T20:20:09","guid":{"rendered":"https:\/\/impactodenoticias.com.ar\/?p=33744"},"modified":"2026-04-29T17:20:10","modified_gmt":"2026-04-29T20:20:10","slug":"parana-se-readecua-el-recorrido-de-varias-lineas-de-colectivos-urbanos-y-se-agrega-otro-ramal","status":"publish","type":"post","link":"https:\/\/impactodenoticias.com.ar\/?p=33744","title":{"rendered":"Paran\u00e1: se readecua el recorrido de varias l\u00edneas de colectivos urbanos y se agrega otro ramal"},"content":{"rendered":"\n<h2 class=\"wp-block-heading\">La Municipalidad de Paran\u00e1 comunic\u00f3 que pondr\u00e1 en marcha desde el pr\u00f3ximo viernes 1\u00b0 de mayo, modificaciones en tres l\u00edneas del servicio p\u00fablico e incluir\u00e1 un nuevo ramal en l\u00ednea H. Las modificaciones se realizan en el marco del di\u00e1logo con las vecinales de la ciudad.<\/h2>\n\n\n\n<p>Luego de acordar con distintas vecinales de la ciudad en el contexto de implementaci\u00f3n del nuevo servicio de transporte urbano de pasajeros, se establecer\u00e1n algunas modificaciones en l\u00edneas B, F.2 y la H tendr\u00e1 dos ramales. H.1 mantiene el recorrido establecido desde diciembre y se incorpora el ramal H.2.<\/p>\n\n\n\n<p><strong>L\u00cdNEA B<\/strong><\/p>\n\n\n\n<p><strong>B\u00b0 CAPIB\u00c1 \u2013 CAMPUS UADER \u2013 CENTRO<\/strong><\/p>\n\n\n\n<p>Al centro: Av. Zanni \u2013 Cris\u00f3logo Larralde \u2013 Divisi\u00f3n de los Andes \u2013 O\u2019Higgins \u2013 Gral. Sarobe \u2013 Gral. Ger\u00f3nimo Espejo \u2013 El Paracao \u2013 Av. de las Am\u00e9ricas \u2013 Pronunciamiento \u2013 Av. Ej\u00e9rcito \u2013 Monte Caseros \u2013 Av. Gualeguaych\u00fa \u2013 Bavio \u2013 Italia \u2013 Santa Fe \u2013 Garay.<\/p>\n\n\n\n<p>Regreso: C\u00f3rdoba \u2013 Libertad \u2013 Paraguay \u2013 Pellegrini \u2013 Bv. Perette \u2013 Av. Ej\u00e9rcito \u2013 Pronunciamiento \u2013 Av. de las Am\u00e9ricas \u2013 El Paracao \u2013 Gral. Ger\u00f3nimo Espejo \u2013 Gral. Sarobe \u2013 O\u2019Higgins \u2013 Divisi\u00f3n de los Andes \u2013 Cris\u00f3logo Larralde \u2013 Av. Zanni \u2013 Calle N\u00b0 926 \u2013 Calle N\u00b0 928.<\/p>\n\n\n\n<p><strong>L\u00ednea F.2:<\/strong><\/p>\n\n\n\n<p><strong>SEMINARIO \u2013 B\u00b0 MOSCONI \u2013 BAJADA GRANDE (Por Alte. Brown)<\/strong><\/p>\n\n\n\n<p>Al centro: Calle N\u00b0 1584 \u2013 Calle N\u00b0 1669 \u2013 Av. Don Bosco \u2013 Seminario \u2013 Colectora Av. Circunvalaci\u00f3n \u2013 Av. Alte. Brown \u2013 3 de Febrero \u2013 Av. Almafuerte \u2013 Gualeguaych\u00fa \u2013 Bavio \u2013 Italia \u2013 Santa Fe \u2013 Laprida \u2013 Av. Larramendi \u2013 Walter Heinze \u2013 Lorenzo Anselmi \u2013 Jorge Mockert \u2013 Miguel \u201cZurdo\u201d Mart\u00ednez \u2013 Walter Heinze \u2013 Av. Larramendi \u2013 Croacia \u2013 Calle N\u00b0 1380 \u2013 Margarita Malharro de Torres \u2013 Croacia<\/p>\n\n\n\n<p>Regreso: Av. Estrada \u2013 Anacleto Medina \u2013 Laprida \u2013 Gaboto \u2013 Cervantes \u2013 C\u00f3rdoba \u2013 Libertad \u2013 Espa\u00f1a \u2013 25 de Mayo \u2013 Echag\u00fce \u2013 Alem \u2013 Av. Ram\u00edrez \u2013 Sarav\u00ed \u2013 Soler \u2013 Av. Alte. Brown \u2013 Av. Circunvalaci\u00f3n \u2013 Av. Don Bosco \u2013 Seminario \u2013 Calle N\u00b0 1679 \u2013 Calle N\u00b0 1584.<\/p>\n\n\n\n<p><strong>L\u00cdNEA H.1<\/strong><\/p>\n\n\n\n<p><strong>B\u00b0 PARQUE MAYOR \u2013 CENTRO (Por Garrig\u00f3)<\/strong><\/p>\n\n\n\n<p>Al centro: Las Garzas \u2013 Villa San Benito \u2013 Garrig\u00f3 \u2013 Santos Dom\u00ednguez \u2013 Av. Ram\u00edrez \u2013 Gualeguaych\u00fa \u2192 Pte. Per\u00f3n \u2013 Santa Cruz \u2013 Andr\u00e9s Pazos \u2013 Corrientes- La Paz \u2013 Laprida<\/p>\n\n\n\n<p>Regreso: C\u00f3rdoba \u2013 Espa\u00f1a \u2013 25 de Mayo \u2013 Echag\u00fce \u2013 Av. Ram\u00edrez \u2013 Santos Dom\u00ednguez \u2013 Garrig\u00f3 \u2013 Villa San Benito \u2013 Las Garzas.<\/p>\n\n\n\n<p><strong>L\u00cdNEA H.2<\/strong><\/p>\n\n\n\n<p><strong>B\u00b0 PARQUE MAYOR \u2013 CENTRO (Por Div. de los Andes)<\/strong><\/p>\n\n\n\n<p>Al centro: Las Garzas \u2013 Villa San Benito \u2013 Garrig\u00f3 \u2013 O\u2019Higgins \u2013 Divisi\u00f3n de los Andes \u2013 Santos Dom\u00ednguez \u2013 Av. Ram\u00edrez \u2013 Gualeguaych\u00fa \u2013 Italia \u2013 Santa Fe \u2013 Laprida.<\/p>\n\n\n\n<p>Regreso: C\u00f3rdoba \u2013 Libertad \u2013 Espa\u00f1a \u2013 25 de Mayo \u2013 Echag\u00fce \u2013 Av. Ram\u00edrez \u2013 Santos Dom\u00ednguez \u2013 Divisi\u00f3n de los Andes \u2013 O\u2019Higgins \u2013 Garrig\u00f3 \u2013 Villa San Benito \u2013 Las Garzas.<\/p>\n","protected":false},"excerpt":{"rendered":"<p>La Municipalidad de Paran&aacute; comunic&oacute; que pondr&aacute; en marcha desde el pr&oacute;ximo viernes 1&deg; de mayo, modificaciones en tres l&iacute;neas del servicio p&uacute;blico e incluir&aacute; un nuevo ramal en l&iacute;nea H. Las modificaciones se realizan en el marco del di&aacute;logo con las vecinales de la ciudad. Luego de acordar con distintas vecinales de la ciudad [&hellip;]<\/p>\n","protected":false},"author":2,"featured_media":33745,"comment_status":"closed","ping_status":"closed","sticky":false,"template":"","format":"standard","meta":{"footnotes":""},"categories":[1430,3,1902,49],"tags":[348,95,6762,6319],"class_list":["post-33744","post","type-post","status-publish","format-standard","has-post-thumbnail","hentry","category-destacadas","category-locales","category-municipales","category-sociedad","tag-colectivos","tag-parana","tag-readecuacion","tag-recorridos"],"_links":{"self":[{"href":"https:\/\/impactodenoticias.com.ar\/index.php?rest_route=\/wp\/v2\/posts\/33744","targetHints":{"allow":["GET"]}}],"collection":[{"href":"https:\/\/impactodenoticias.com.ar\/index.php?rest_route=\/wp\/v2\/posts"}],"about":[{"href":"https:\/\/impactodenoticias.com.ar\/index.php?rest_route=\/wp\/v2\/types\/post"}],"author":[{"embeddable":true,"href":"https:\/\/impactodenoticias.com.ar\/index.php?rest_route=\/wp\/v2\/users\/2"}],"replies":[{"embeddable":true,"href":"https:\/\/impactodenoticias.com.ar\/index.php?rest_route=%2Fwp%2Fv2%2Fcomments&post=33744"}],"version-history":[{"count":1,"href":"https:\/\/impactodenoticias.com.ar\/index.php?rest_route=\/wp\/v2\/posts\/33744\/revisions"}],"predecessor-version":[{"id":33746,"href":"https:\/\/impactodenoticias.com.ar\/index.php?rest_route=\/wp\/v2\/posts\/33744\/revisions\/33746"}],"wp:featuredmedia":[{"embeddable":true,"href":"https:\/\/impactodenoticias.com.ar\/index.php?rest_route=\/wp\/v2\/media\/33745"}],"wp:attachment":[{"href":"https:\/\/impactodenoticias.com.ar\/index.php?rest_route=%2Fwp%2Fv2%2Fmedia&parent=33744"}],"wp:term":[{"taxonomy":"category","embeddable":true,"href":"https:\/\/impactodenoticias.com.ar\/index.php?rest_route=%2Fwp%2Fv2%2Fcategories&post=33744"},{"taxonomy":"post_tag","embeddable":true,"href":"https:\/\/impactodenoticias.com.ar\/index.php?rest_route=%2Fwp%2Fv2%2Ftags&post=33744"}],"curies":[{"name":"wp","href":"https:\/\/api.w.org\/{rel}","templated":true}]}}