{"id":33747,"date":"2026-04-29T17:26:23","date_gmt":"2026-04-29T20:26:23","guid":{"rendered":"https:\/\/impactodenoticias.com.ar\/?p=33747"},"modified":"2026-04-29T17:26:25","modified_gmt":"2026-04-29T20:26:25","slug":"el-municipio-de-san-jaime-de-la-frontera-abonara-un-bono-de-50-mil-por-el-dia-del-trabajador","status":"publish","type":"post","link":"https:\/\/impactodenoticias.com.ar\/?p=33747","title":{"rendered":"El municipio de San Jaime de la Frontera abonar\u00e1 un bono de $50 mil por el D\u00eda del Trabajador"},"content":{"rendered":"\n<h2 class=\"wp-block-heading\">El municipio inform\u00f3 que este jueves 30 de abril se llevar\u00e1 adelante el pago de haberes al personal municipal, correspondiente al mes en curso.<\/h2>\n\n\n\n<p>La liquidaci\u00f3n incluir\u00e1 una recomposici\u00f3n salarial adicional del 2% y un bono extraordinario de $50.000 en el marco de la conmemoraci\u00f3n del D\u00eda del Trabajador.<\/p>\n\n\n\n<p>Desde el Ejecutivo local subrayaron que la medida busca \u201cacompa\u00f1ar la situaci\u00f3n econ\u00f3mica de los trabajadores municipales y reconocer su labor diaria en la prestaci\u00f3n de servicios esenciales para la comunidad\u201d.<\/p>\n\n\n\n<p>La intendente Miriam Ruth D\u00edaz precis\u00f3 que: \u201cEste esfuerzo que realiza el municipio es una forma de valorar el compromiso de cada trabajador y trabajadora municipal. Sabemos del contexto actual y por eso decidimos otorgar esta recomposici\u00f3n y un bono especial en una fecha tan significativa\u201d.<\/p>\n\n\n\n<p>Y agreg\u00f3 que la gesti\u00f3n continuar\u00e1 trabajando en la medida de sus posibilidades para sostener el poder adquisitivo de los empleados: \u201cNuestro objetivo es seguir acompa\u00f1ando a las familias municipales, con responsabilidad y equilibrio en las cuentas p\u00fablicas\u201d.<\/p>\n","protected":false},"excerpt":{"rendered":"<p>El municipio inform&oacute; que este jueves 30 de abril se llevar&aacute; adelante el pago de haberes al personal municipal, correspondiente al mes en curso. La liquidaci&oacute;n incluir&aacute; una recomposici&oacute;n salarial adicional del 2% y un bono extraordinario de $50.000 en el marco de la conmemoraci&oacute;n del D&iacute;a del Trabajador. Desde el Ejecutivo local subrayaron que [&hellip;]<\/p>\n","protected":false},"author":2,"featured_media":33748,"comment_status":"closed","ping_status":"closed","sticky":false,"template":"","format":"standard","meta":{"footnotes":""},"categories":[1430,11,4],"tags":[3506,6763,1825,2235],"class_list":["post-33747","post","type-post","status-publish","format-standard","has-post-thumbnail","hentry","category-destacadas","category-politica","category-provinciales","tag-bono","tag-dia-del-trabajador","tag-municipio","tag-san-jaime-de-la-frontera"],"_links":{"self":[{"href":"https:\/\/impactodenoticias.com.ar\/index.php?rest_route=\/wp\/v2\/posts\/33747","targetHints":{"allow":["GET"]}}],"collection":[{"href":"https:\/\/impactodenoticias.com.ar\/index.php?rest_route=\/wp\/v2\/posts"}],"about":[{"href":"https:\/\/impactodenoticias.com.ar\/index.php?rest_route=\/wp\/v2\/types\/post"}],"author":[{"embeddable":true,"href":"https:\/\/impactodenoticias.com.ar\/index.php?rest_route=\/wp\/v2\/users\/2"}],"replies":[{"embeddable":true,"href":"https:\/\/impactodenoticias.com.ar\/index.php?rest_route=%2Fwp%2Fv2%2Fcomments&post=33747"}],"version-history":[{"count":1,"href":"https:\/\/impactodenoticias.com.ar\/index.php?rest_route=\/wp\/v2\/posts\/33747\/revisions"}],"predecessor-version":[{"id":33749,"href":"https:\/\/impactodenoticias.com.ar\/index.php?rest_route=\/wp\/v2\/posts\/33747\/revisions\/33749"}],"wp:featuredmedia":[{"embeddable":true,"href":"https:\/\/impactodenoticias.com.ar\/index.php?rest_route=\/wp\/v2\/media\/33748"}],"wp:attachment":[{"href":"https:\/\/impactodenoticias.com.ar\/index.php?rest_route=%2Fwp%2Fv2%2Fmedia&parent=33747"}],"wp:term":[{"taxonomy":"category","embeddable":true,"href":"https:\/\/impactodenoticias.com.ar\/index.php?rest_route=%2Fwp%2Fv2%2Fcategories&post=33747"},{"taxonomy":"post_tag","embeddable":true,"href":"https:\/\/impactodenoticias.com.ar\/index.php?rest_route=%2Fwp%2Fv2%2Ftags&post=33747"}],"curies":[{"name":"wp","href":"https:\/\/api.w.org\/{rel}","templated":true}]}}