{"id":33750,"date":"2026-04-29T17:31:06","date_gmt":"2026-04-29T20:31:06","guid":{"rendered":"https:\/\/impactodenoticias.com.ar\/?p=33750"},"modified":"2026-04-29T17:31:06","modified_gmt":"2026-04-29T20:31:06","slug":"el-gobierno-de-entre-rios-dio-a-conocer-el-cronograma-de-pago-de-sueldos-de-abril","status":"publish","type":"post","link":"https:\/\/impactodenoticias.com.ar\/?p=33750","title":{"rendered":"El gobierno de Entre R\u00edos dio a conocer el cronograma de pago de sueldos de abril"},"content":{"rendered":"\n<h2 class=\"wp-block-heading\">El cronograma de pagos de haberes correspondientes al mes de abril de 2026 para activos y pasivos de la administraci\u00f3n p\u00fablica entrerriana comenzar\u00e1 este viernes y finalizar\u00e1 el pr\u00f3ximo 8 de mayo.<\/h2>\n\n\n\n<p>El pago se acreditar\u00e1 a partir del viernes de 1\u00b0 de mayo de 2026 y continuar\u00e1 de forma escalonada, de acuerdo con los tramos salariales establecidos.<\/p>\n\n\n\n<p><strong>El detalle del cronograma es el siguiente:<\/strong><\/p>\n\n\n\n<p>Lunes 4 de mayo (acreditaci\u00f3n el viernes 1\u00b0): hasta 1.160.000 pesos.<\/p>\n\n\n\n<p>Martes 5: desde 1.160.001 hasta 1.340.000 pesos.<\/p>\n\n\n\n<p>Mi\u00e9rcoles 6: desde 1.340.001 hasta 1.650.000 pesos.<\/p>\n\n\n\n<p>Jueves 7: desde 1.650.001 hasta 2.200.000 pesos.<\/p>\n\n\n\n<p>Viernes 8: m\u00e1s de 2.200.001 pesos.<\/p>\n","protected":false},"excerpt":{"rendered":"<p>El cronograma de pagos de haberes correspondientes al mes de abril de 2026 para activos y pasivos de la administraci&oacute;n p&uacute;blica entrerriana comenzar&aacute; este viernes y finalizar&aacute; el pr&oacute;ximo 8 de mayo. El pago se acreditar&aacute; a partir del viernes de 1&deg; de mayo de 2026 y continuar&aacute; de forma escalonada, de acuerdo con los [&hellip;]<\/p>\n","protected":false},"author":2,"featured_media":13607,"comment_status":"closed","ping_status":"closed","sticky":false,"template":"","format":"standard","meta":{"footnotes":""},"categories":[1430,4,49],"tags":[842,33,433,559],"class_list":["post-33750","post","type-post","status-publish","format-standard","has-post-thumbnail","hentry","category-destacadas","category-provinciales","category-sociedad","tag-cronograma","tag-entre-rios","tag-gobierno","tag-pagos"],"_links":{"self":[{"href":"https:\/\/impactodenoticias.com.ar\/index.php?rest_route=\/wp\/v2\/posts\/33750","targetHints":{"allow":["GET"]}}],"collection":[{"href":"https:\/\/impactodenoticias.com.ar\/index.php?rest_route=\/wp\/v2\/posts"}],"about":[{"href":"https:\/\/impactodenoticias.com.ar\/index.php?rest_route=\/wp\/v2\/types\/post"}],"author":[{"embeddable":true,"href":"https:\/\/impactodenoticias.com.ar\/index.php?rest_route=\/wp\/v2\/users\/2"}],"replies":[{"embeddable":true,"href":"https:\/\/impactodenoticias.com.ar\/index.php?rest_route=%2Fwp%2Fv2%2Fcomments&post=33750"}],"version-history":[{"count":1,"href":"https:\/\/impactodenoticias.com.ar\/index.php?rest_route=\/wp\/v2\/posts\/33750\/revisions"}],"predecessor-version":[{"id":33751,"href":"https:\/\/impactodenoticias.com.ar\/index.php?rest_route=\/wp\/v2\/posts\/33750\/revisions\/33751"}],"wp:featuredmedia":[{"embeddable":true,"href":"https:\/\/impactodenoticias.com.ar\/index.php?rest_route=\/wp\/v2\/media\/13607"}],"wp:attachment":[{"href":"https:\/\/impactodenoticias.com.ar\/index.php?rest_route=%2Fwp%2Fv2%2Fmedia&parent=33750"}],"wp:term":[{"taxonomy":"category","embeddable":true,"href":"https:\/\/impactodenoticias.com.ar\/index.php?rest_route=%2Fwp%2Fv2%2Fcategories&post=33750"},{"taxonomy":"post_tag","embeddable":true,"href":"https:\/\/impactodenoticias.com.ar\/index.php?rest_route=%2Fwp%2Fv2%2Ftags&post=33750"}],"curies":[{"name":"wp","href":"https:\/\/api.w.org\/{rel}","templated":true}]}}