{"id":33752,"date":"2026-04-29T17:46:09","date_gmt":"2026-04-29T20:46:09","guid":{"rendered":"https:\/\/impactodenoticias.com.ar\/?p=33752"},"modified":"2026-04-29T17:46:10","modified_gmt":"2026-04-29T20:46:10","slug":"condena-efectiva-para-sujeto-interceptado-con-cargamento-de-cocaina-de-maxima-pureza","status":"publish","type":"post","link":"https:\/\/impactodenoticias.com.ar\/?p=33752","title":{"rendered":"Condena efectiva para sujeto interceptado con cargamento de coca\u00edna de m\u00e1xima pureza"},"content":{"rendered":"\n<h2 class=\"wp-block-heading\">El Tribunal Oral Federal de Paran\u00e1 dict\u00f3 sentencia condenatoria contra un masculino de 31 a\u00f1os, aprehendido en flagrancia durante un control de ruta mientras transportaba m\u00e1s de seis kilogramos de estupefacientes en un transporte de pasajeros.<\/h2>\n\n\n\n<p>El hecho que motiv\u00f3 la intervenci\u00f3n judicial tuvo lugar el pasado 25 de abril de 2025, a la altura del <strong>kil\u00f3metro 292 de la Ruta Nacional N\u00b0 14<\/strong>. En el marco de un operativo de prevenci\u00f3n activa dispuesto por el <strong>Escuadr\u00f3n N\u00b0 4 \u201cConcordia\u201d de Gendarmer\u00eda Nacional<\/strong>, se procedi\u00f3 a la interceptaci\u00f3n de una unidad de transporte de larga distancia que cumpl\u00eda el itinerario El Talar (Buenos Aires) &#8211; Paso de los Libres (Corrientes).<\/p>\n\n\n\n<p>Durante la inspecci\u00f3n de la planta alta del rodado, el personal de fuerza detect\u00f3 una anomal\u00eda en la disposici\u00f3n de los pasajeros. El encartado, identificado como <strong>Emanuel Alejandro Monz\u00f3n<\/strong>, ocupaba la butaca N\u00b0 37 pese a ostentar un pasaje para el piso inferior. Ante el requerimiento preventivo y denotando un estado de nerviosismo, los agentes procedieron a la requisa de un bolso de mano que el sujeto manten\u00eda entre sus extremidades inferiores.<\/p>\n\n\n\n<h3 class=\"wp-block-heading\">Hallazgo de Estupefacientes y Peritaje<\/h3>\n\n\n\n<p>Tras la apertura voluntaria del equipaje, se hallaron <strong>seis (6) panes rectangulares<\/strong> compactados con papel carb\u00f3nico y cinta adhesiva. El informe pericial qu\u00edmico arroj\u00f3 resultado positivo para <strong>clorhidrato de coca\u00edna<\/strong>, con un grado de pureza del <strong>86,2%<\/strong>, totalizando un peso de <strong>6,260 kilogramos<\/strong>.<\/p>\n\n\n\n<p>De acuerdo a las actuaciones judiciales, el material incautado \u2014valuado en aproximadamente <strong>93.900 d\u00f3lares<\/strong>\u2014 pose\u00eda una capacidad de fraccionamiento de <strong>54.000 dosis umbrales<\/strong>, volumen suficiente para el abastecimiento de estupefacientes a escala poblacional en la localidad de destino.<\/p>\n\n\n\n<h3 class=\"wp-block-heading\">Resoluci\u00f3n Judicial y Condena<\/h3>\n\n\n\n<p>Bajo la modalidad de <strong>juicio abreviado<\/strong>, homologado por la magistrada <strong>Dra. Noem\u00ed Marta Berros<\/strong>, se resolvi\u00f3 la situaci\u00f3n procesal del imputado tras la anuencia de la fiscal\u00eda y la defensa t\u00e9cnica. Los puntos resolutivos de la sentencia establecen:<\/p>\n\n\n\n<ul class=\"wp-block-list\">\n<li><strong>Calificaci\u00f3n Legal:<\/strong> Coautor responsable del delito de <strong>Tr\u00e1fico de Estupefacientes en modalidad de Transporte<\/strong>.<\/li>\n\n\n\n<li><strong>Pena Impuesta:<\/strong> Cinco a\u00f1os y cuatro meses de prisi\u00f3n de cumplimiento efectivo.<\/li>\n\n\n\n<li><strong>Pecuniaria:<\/strong> Imposici\u00f3n de una multa por la suma de <strong>$5.848.456,50<\/strong>.<\/li>\n\n\n\n<li><strong>Alojamiento:<\/strong> Se orden\u00f3 el traslado del condenado a la <strong>Unidad Penal N\u00b0 17 de Candelaria (Misiones)<\/strong>, bajo la \u00f3rbita del Servicio Penitenciario Federal, a los fines de garantizar la proximidad familiar y el r\u00e9gimen de visitas de sus descendientes menores de edad.<\/li>\n<\/ul>\n","protected":false},"excerpt":{"rendered":"<p>El Tribunal Oral Federal de Paran&aacute; dict&oacute; sentencia condenatoria contra un masculino de 31 a&ntilde;os, aprehendido en flagrancia durante un control de ruta mientras transportaba m&aacute;s de seis kilogramos de estupefacientes en un transporte de pasajeros. El hecho que motiv&oacute; la intervenci&oacute;n judicial tuvo lugar el pasado 25 de abril de 2025, a la altura [&hellip;]<\/p>\n","protected":false},"author":2,"featured_media":33753,"comment_status":"closed","ping_status":"closed","sticky":false,"template":"","format":"standard","meta":{"footnotes":""},"categories":[1430,90,4],"tags":[543,74,2121,146],"class_list":["post-33752","post","type-post","status-publish","format-standard","has-post-thumbnail","hentry","category-destacadas","category-judicial","category-provinciales","tag-cargamento","tag-cocaina","tag-condenaron","tag-hombre"],"_links":{"self":[{"href":"https:\/\/impactodenoticias.com.ar\/index.php?rest_route=\/wp\/v2\/posts\/33752","targetHints":{"allow":["GET"]}}],"collection":[{"href":"https:\/\/impactodenoticias.com.ar\/index.php?rest_route=\/wp\/v2\/posts"}],"about":[{"href":"https:\/\/impactodenoticias.com.ar\/index.php?rest_route=\/wp\/v2\/types\/post"}],"author":[{"embeddable":true,"href":"https:\/\/impactodenoticias.com.ar\/index.php?rest_route=\/wp\/v2\/users\/2"}],"replies":[{"embeddable":true,"href":"https:\/\/impactodenoticias.com.ar\/index.php?rest_route=%2Fwp%2Fv2%2Fcomments&post=33752"}],"version-history":[{"count":1,"href":"https:\/\/impactodenoticias.com.ar\/index.php?rest_route=\/wp\/v2\/posts\/33752\/revisions"}],"predecessor-version":[{"id":33754,"href":"https:\/\/impactodenoticias.com.ar\/index.php?rest_route=\/wp\/v2\/posts\/33752\/revisions\/33754"}],"wp:featuredmedia":[{"embeddable":true,"href":"https:\/\/impactodenoticias.com.ar\/index.php?rest_route=\/wp\/v2\/media\/33753"}],"wp:attachment":[{"href":"https:\/\/impactodenoticias.com.ar\/index.php?rest_route=%2Fwp%2Fv2%2Fmedia&parent=33752"}],"wp:term":[{"taxonomy":"category","embeddable":true,"href":"https:\/\/impactodenoticias.com.ar\/index.php?rest_route=%2Fwp%2Fv2%2Fcategories&post=33752"},{"taxonomy":"post_tag","embeddable":true,"href":"https:\/\/impactodenoticias.com.ar\/index.php?rest_route=%2Fwp%2Fv2%2Ftags&post=33752"}],"curies":[{"name":"wp","href":"https:\/\/api.w.org\/{rel}","templated":true}]}}