{"id":33765,"date":"2026-05-01T08:35:44","date_gmt":"2026-05-01T11:35:44","guid":{"rendered":"https:\/\/impactodenoticias.com.ar\/?p=33765"},"modified":"2026-05-01T08:35:44","modified_gmt":"2026-05-01T11:35:44","slug":"concepcion-del-uruguay-los-colectivos-urbanos-circularan-nuevamente-desde-el-proximo-lunes","status":"publish","type":"post","link":"https:\/\/impactodenoticias.com.ar\/?p=33765","title":{"rendered":"Concepci\u00f3n del Uruguay: los colectivos urbanos circular\u00e1n nuevamente desde el pr\u00f3ximo lunes"},"content":{"rendered":"\n<h2 class=\"wp-block-heading\">Despu\u00e9s de casi un mes sin circulaci\u00f3n del transporte urbano de pasajeros en Concepci\u00f3n del Uruguay, el pr\u00f3ximo lunes volver\u00e1n a funcionar las l\u00edneas de colectivos de la ciudad. La reanudaci\u00f3n del servicio ser\u00e1 da debido al convenio firmado entre la Municipalidad y las empresas prestatarias BAJO URUGUAY S.R.L. y URUGUAY BUS S.R.L., que adem\u00e1s contempla un aporte econ\u00f3mico por parte del Municipio para garantizar la continuidad del sistema.<\/h2>\n\n\n\n<p>El acuerdo fue logrado en medio un contexto de fuerte crisis econ\u00f3mica que afecta al transporte p\u00fablico, marcada por el aumento de los costos operativos y la desaparici\u00f3n de subsidios nacionales y provinciales que hist\u00f3ricamente aportaban para mantener el servicio.<\/p>\n\n\n\n<p>El Presidente Municipal Jos\u00e9 Lauritto, junto al secretario de Gobierno, Oscar Noir y el secretario de Hacienda, Fernando Picart, rubricaron el convenio con los representantes de ambas empresas de transporte que retomar\u00e1n el servicio.<\/p>\n\n\n\n<p>Oscar Noir, subray\u00f3 la importancia que tiene el transporte urbano para la vida cotidiana de la comunidad. \u201cEl transporte urbano de pasajeros constituye un servicio p\u00fablico esencial para la comunidad, porque permite que vecinos y vecinas puedan llegar a las escuelas, a sus lugares de trabajo, centros de salud, oficinas p\u00fablicas y distintas actividades diarias\u201d, precis\u00f3.<\/p>\n\n\n\n<p>Noir explic\u00f3 adem\u00e1s que la situaci\u00f3n financiera del sistema se volvi\u00f3 insostenible debido a la falta de acompa\u00f1amiento de otros niveles del Estado y al incremento permanente de los costos. \u201cHoy trasladar todos esos aumentos al valor del boleto implicar\u00eda una tarifa cercana a los 5 mil pesos, algo imposible para los usuarios. Por eso esta gesti\u00f3n municipal decidi\u00f3 intervenir y buscar una soluci\u00f3n que permita sostener el servicio\u201d, asever\u00f3.<\/p>\n\n\n\n<p>Cabe recordar que d\u00edas atr\u00e1s el Municipio declar\u00f3 desierta la Licitaci\u00f3n P\u00fablica N\u00ba 31\/2025 para la concesi\u00f3n del servicio, debido a la falta de oferentes. Ante esa situaci\u00f3n, se resolvi\u00f3 mantener de manera excepcional y transitoria la prestaci\u00f3n a cargo de las actuales empresas hasta que se defina un nuevo esquema de concesi\u00f3n.<\/p>\n\n\n\n<p><strong>Boleto estudiantil gratuito<\/strong><\/p>\n\n\n\n<p>Uno de los puntos centrales del convenio es la implementaci\u00f3n del r\u00e9gimen de gratuidad para el boleto estudiantil, tanto para niveles primario y secundario como universitario. Se indic\u00f3 que el sistema se aplicar\u00e1 mediante la tarjeta SUBE, que ser\u00e1 el \u00fanico mecanismo v\u00e1lido para registrar, controlar y auditar los viajes realizados por los beneficiarios.<\/p>\n\n\n\n<p>Seg\u00fan se inform\u00f3, esta pol\u00edtica p\u00fablica busca garantizar el acceso a la educaci\u00f3n, evitando que las dificultades econ\u00f3micas o las distancias dentro de la ciudad se conviertan en un impedimento para asistir a clases.<\/p>\n\n\n\n<p>\u201cEl presente convenio responde exclusivamente a la necesidad de instrumentar una pol\u00edtica p\u00fablica municipal de gratuidad educativa en el transporte urbano, con mecanismos objetivos de validaci\u00f3n, rendici\u00f3n y control\u201d, destac\u00f3 Noir.<\/p>\n\n\n\n<p>En el caso de estudiantes primarios y secundarios, el beneficio alcanzar\u00e1 a quienes cumplan los requisitos establecidos por el Municipio y est\u00e9n correctamente registrados en el sistema SUBE.<\/p>\n\n\n\n<p>Adem\u00e1s, se implementar\u00e1 el Boleto Universitario Gratuito para estudiantes de instituciones de educaci\u00f3n superior con sede en Concepci\u00f3n del Uruguay. El beneficio deber\u00e1 tramitarse y renovarse conforme a las condiciones administrativas que establezca la Municipalidad y que se informar\u00e1 en los pr\u00f3ximos d\u00edas.<\/p>\n","protected":false},"excerpt":{"rendered":"<p>Despu&eacute;s de casi un mes sin circulaci&oacute;n del transporte urbano de pasajeros en Concepci&oacute;n del Uruguay, el pr&oacute;ximo lunes volver&aacute;n a funcionar las l&iacute;neas de colectivos de la ciudad. La reanudaci&oacute;n del servicio ser&aacute; da debido al convenio firmado entre la Municipalidad y las empresas prestatarias BAJO URUGUAY S.R.L. y URUGUAY BUS S.R.L., que adem&aacute;s [&hellip;]<\/p>\n","protected":false},"author":2,"featured_media":33766,"comment_status":"closed","ping_status":"closed","sticky":false,"template":"","format":"standard","meta":{"footnotes":""},"categories":[1430,1902,49],"tags":[348,324],"class_list":["post-33765","post","type-post","status-publish","format-standard","has-post-thumbnail","hentry","category-destacadas","category-municipales","category-sociedad","tag-colectivos","tag-concepcion-del-uruguay"],"_links":{"self":[{"href":"https:\/\/impactodenoticias.com.ar\/index.php?rest_route=\/wp\/v2\/posts\/33765","targetHints":{"allow":["GET"]}}],"collection":[{"href":"https:\/\/impactodenoticias.com.ar\/index.php?rest_route=\/wp\/v2\/posts"}],"about":[{"href":"https:\/\/impactodenoticias.com.ar\/index.php?rest_route=\/wp\/v2\/types\/post"}],"author":[{"embeddable":true,"href":"https:\/\/impactodenoticias.com.ar\/index.php?rest_route=\/wp\/v2\/users\/2"}],"replies":[{"embeddable":true,"href":"https:\/\/impactodenoticias.com.ar\/index.php?rest_route=%2Fwp%2Fv2%2Fcomments&post=33765"}],"version-history":[{"count":1,"href":"https:\/\/impactodenoticias.com.ar\/index.php?rest_route=\/wp\/v2\/posts\/33765\/revisions"}],"predecessor-version":[{"id":33767,"href":"https:\/\/impactodenoticias.com.ar\/index.php?rest_route=\/wp\/v2\/posts\/33765\/revisions\/33767"}],"wp:featuredmedia":[{"embeddable":true,"href":"https:\/\/impactodenoticias.com.ar\/index.php?rest_route=\/wp\/v2\/media\/33766"}],"wp:attachment":[{"href":"https:\/\/impactodenoticias.com.ar\/index.php?rest_route=%2Fwp%2Fv2%2Fmedia&parent=33765"}],"wp:term":[{"taxonomy":"category","embeddable":true,"href":"https:\/\/impactodenoticias.com.ar\/index.php?rest_route=%2Fwp%2Fv2%2Fcategories&post=33765"},{"taxonomy":"post_tag","embeddable":true,"href":"https:\/\/impactodenoticias.com.ar\/index.php?rest_route=%2Fwp%2Fv2%2Ftags&post=33765"}],"curies":[{"name":"wp","href":"https:\/\/api.w.org\/{rel}","templated":true}]}}