{"id":3377,"date":"2024-08-31T09:37:01","date_gmt":"2024-08-31T12:37:01","guid":{"rendered":"https:\/\/impactodenoticias.com.ar\/?p=3377"},"modified":"2024-08-31T09:42:50","modified_gmt":"2024-08-31T12:42:50","slug":"concordia-un-hombre-fue-detenido-por-narcomenudeo-tenia-cocaina-marihuana-y-hasta-un-chaleco-de-la-policia","status":"publish","type":"post","link":"https:\/\/impactodenoticias.com.ar\/?p=3377","title":{"rendered":"Concordia: un hombre fue detenido por narcomenudeo: ten\u00eda coca\u00edna, marihuana y hasta un chaleco de la Polic\u00eda"},"content":{"rendered":"\n<p><strong>El arresto se dio luego de un allanamiento en una vivienda. El hombre de 67 a\u00f1os se encontraba en la casa, fue notificado de la medida judicial, y posteriormente detenido.<\/strong><\/p>\n\n\n\n<p>La Divisi\u00f3n Toxicolog\u00eda de la Jefatura Departamental Concordia, con apoyo de la Secci\u00f3n Guardia Especial, realiz\u00f3 este jueves un allanamiento \u201cen uno de los barrios conflictivos de la ciudad del citrus\u201d, informaron desde la fuerza de seguridad.<\/p>\n\n\n\n<p>La medida hab\u00eda sido ordenada por el Juzgado de Garant\u00edas N\u00b0 2 a cargo del Dr. Edwin Ives Bastian, en una causa investigada por el Fiscal Fabio Zabaleta.<\/p>\n\n\n\n<p>En el interior de la vivienda, en la requisa, los polic\u00edas encontraron 40 envoltorios peque\u00f1os atados con precintos, que ten\u00edan coca\u00edna en su interior. Adem\u00e1s detectaron 14 envoltorios peque\u00f1os de marihuana; la suma de 178 mil pesos de moneda nacional; anotaciones varias de inter\u00e9s para la causa, dosificadores con restos de coca\u00edna y marihuana, una balanza digital y un chaleco refractario con las siglas P.E.R.<\/p>\n\n\n\n<p>Seg\u00fan se inform\u00f3 el hombre de 67 a\u00f1os, que se encontraba en la vivienda, fue notificado de la medida judicial y quedo detenido.<\/p>\n","protected":false},"excerpt":{"rendered":"<p>El arresto se dio luego de un allanamiento en una vivienda. El hombre de 67 a&ntilde;os se encontraba en la casa, fue notificado de la medida judicial, y posteriormente detenido. La Divisi&oacute;n Toxicolog&iacute;a de la Jefatura Departamental Concordia, con apoyo de la Secci&oacute;n Guardia Especial, realiz&oacute; este jueves un allanamiento &ldquo;en uno de los barrios [&hellip;]<\/p>\n","protected":false},"author":2,"featured_media":3378,"comment_status":"open","ping_status":"open","sticky":false,"template":"","format":"standard","meta":{"footnotes":""},"categories":[8,4],"tags":[72,1003,146,273],"class_list":["post-3377","post","type-post","status-publish","format-standard","has-post-thumbnail","hentry","category-policiales","category-provinciales","tag-concordia","tag-detencion","tag-hombre","tag-narcomenudeo"],"_links":{"self":[{"href":"https:\/\/impactodenoticias.com.ar\/index.php?rest_route=\/wp\/v2\/posts\/3377","targetHints":{"allow":["GET"]}}],"collection":[{"href":"https:\/\/impactodenoticias.com.ar\/index.php?rest_route=\/wp\/v2\/posts"}],"about":[{"href":"https:\/\/impactodenoticias.com.ar\/index.php?rest_route=\/wp\/v2\/types\/post"}],"author":[{"embeddable":true,"href":"https:\/\/impactodenoticias.com.ar\/index.php?rest_route=\/wp\/v2\/users\/2"}],"replies":[{"embeddable":true,"href":"https:\/\/impactodenoticias.com.ar\/index.php?rest_route=%2Fwp%2Fv2%2Fcomments&post=3377"}],"version-history":[{"count":2,"href":"https:\/\/impactodenoticias.com.ar\/index.php?rest_route=\/wp\/v2\/posts\/3377\/revisions"}],"predecessor-version":[{"id":3381,"href":"https:\/\/impactodenoticias.com.ar\/index.php?rest_route=\/wp\/v2\/posts\/3377\/revisions\/3381"}],"wp:featuredmedia":[{"embeddable":true,"href":"https:\/\/impactodenoticias.com.ar\/index.php?rest_route=\/wp\/v2\/media\/3378"}],"wp:attachment":[{"href":"https:\/\/impactodenoticias.com.ar\/index.php?rest_route=%2Fwp%2Fv2%2Fmedia&parent=3377"}],"wp:term":[{"taxonomy":"category","embeddable":true,"href":"https:\/\/impactodenoticias.com.ar\/index.php?rest_route=%2Fwp%2Fv2%2Fcategories&post=3377"},{"taxonomy":"post_tag","embeddable":true,"href":"https:\/\/impactodenoticias.com.ar\/index.php?rest_route=%2Fwp%2Fv2%2Ftags&post=3377"}],"curies":[{"name":"wp","href":"https:\/\/api.w.org\/{rel}","templated":true}]}}