{"id":33795,"date":"2026-05-03T11:14:17","date_gmt":"2026-05-03T14:14:17","guid":{"rendered":"https:\/\/impactodenoticias.com.ar\/?p=33795"},"modified":"2026-05-03T11:14:17","modified_gmt":"2026-05-03T14:14:17","slug":"concepcion-del-uruguay-dos-jovenes-fueron-hospitalizados-tras-protagonizar-un-siniestro-vial","status":"publish","type":"post","link":"https:\/\/impactodenoticias.com.ar\/?p=33795","title":{"rendered":"Concepci\u00f3n del Uruguay: dos jovenes fueron hospitalizados tras protagonizar un siniestro vial"},"content":{"rendered":"\n<h2 class=\"wp-block-heading\">Un nuevo accidente de tr\u00e1nsito se produjo en horas de la tardecita de este s\u00e1bado en una zona del centro de Concepci\u00f3n del Uruguay. El sineistro vial, se registr\u00f3 en la intersecci\u00f3n de Bulevar Yrigoyen y calle 14 de Julio, e involucr\u00f3 a una motocicleta y un autom\u00f3vil, dejando como saldo a dos jovenes personas que tuvieron que ser hospitalizadas.<\/h2>\n\n\n\n<p>Aproximadamente a las 18.20, una motocicleta Honda Storm 125 cc y un Fiat Siena, ambos de color negro, protagonizaron una fuerte choque. De acuerdo a las primeras informaciones obtenidas en el lugar del accidente, la motocicleta en la que se desplazaban dos j\u00f3venes de 23 y 27 a\u00f1os, transitaba por el bulevar en sentido oeste-este, mientras que el autom\u00f3vil, conducido por un hombre de 55 a\u00f1os, circulaba por 14 de Julio en sentido norte-sur.<\/p>\n\n\n\n<p>El servicio de emergencias se hizo presente en el lugar y traslad\u00f3 a los dos ocupantes del rodado menor hacia el hospital local para su evaluaci\u00f3n. Horas m\u00e1s tarde, el m\u00e9dico policial en turno confirm\u00f3 que afortunadamente los j\u00f3venes sufrieron lesiones de car\u00e1cter leve, encontr\u00e1ndose fuera de peligro.<\/p>\n\n\n\n<p>En el sitio del accidente trabaj\u00f3 personal del Comando Radioel\u00e9ctrico y se dio intervenci\u00f3n a la Divisi\u00f3n Criminal\u00edstica, quienes realizaron las tareas periciales correspondientes para determinar las responsabilidades del choque.<\/p>\n","protected":false},"excerpt":{"rendered":"<p>Un nuevo accidente de tr&aacute;nsito se produjo en horas de la tardecita de este s&aacute;bado en una zona del centro de Concepci&oacute;n del Uruguay. El sineistro vial, se registr&oacute; en la intersecci&oacute;n de Bulevar Yrigoyen y calle 14 de Julio, e involucr&oacute; a una motocicleta y un autom&oacute;vil, dejando como saldo a dos jovenes personas [&hellip;]<\/p>\n","protected":false},"author":2,"featured_media":33796,"comment_status":"closed","ping_status":"closed","sticky":false,"template":"","format":"standard","meta":{"footnotes":""},"categories":[8,4],"tags":[120,324,394,1439],"class_list":["post-33795","post","type-post","status-publish","format-standard","has-post-thumbnail","hentry","category-policiales","category-provinciales","tag-accidente","tag-concepcion-del-uruguay","tag-heridos","tag-transito"],"_links":{"self":[{"href":"https:\/\/impactodenoticias.com.ar\/index.php?rest_route=\/wp\/v2\/posts\/33795","targetHints":{"allow":["GET"]}}],"collection":[{"href":"https:\/\/impactodenoticias.com.ar\/index.php?rest_route=\/wp\/v2\/posts"}],"about":[{"href":"https:\/\/impactodenoticias.com.ar\/index.php?rest_route=\/wp\/v2\/types\/post"}],"author":[{"embeddable":true,"href":"https:\/\/impactodenoticias.com.ar\/index.php?rest_route=\/wp\/v2\/users\/2"}],"replies":[{"embeddable":true,"href":"https:\/\/impactodenoticias.com.ar\/index.php?rest_route=%2Fwp%2Fv2%2Fcomments&post=33795"}],"version-history":[{"count":1,"href":"https:\/\/impactodenoticias.com.ar\/index.php?rest_route=\/wp\/v2\/posts\/33795\/revisions"}],"predecessor-version":[{"id":33797,"href":"https:\/\/impactodenoticias.com.ar\/index.php?rest_route=\/wp\/v2\/posts\/33795\/revisions\/33797"}],"wp:featuredmedia":[{"embeddable":true,"href":"https:\/\/impactodenoticias.com.ar\/index.php?rest_route=\/wp\/v2\/media\/33796"}],"wp:attachment":[{"href":"https:\/\/impactodenoticias.com.ar\/index.php?rest_route=%2Fwp%2Fv2%2Fmedia&parent=33795"}],"wp:term":[{"taxonomy":"category","embeddable":true,"href":"https:\/\/impactodenoticias.com.ar\/index.php?rest_route=%2Fwp%2Fv2%2Fcategories&post=33795"},{"taxonomy":"post_tag","embeddable":true,"href":"https:\/\/impactodenoticias.com.ar\/index.php?rest_route=%2Fwp%2Fv2%2Ftags&post=33795"}],"curies":[{"name":"wp","href":"https:\/\/api.w.org\/{rel}","templated":true}]}}