{"id":3385,"date":"2024-08-31T09:55:28","date_gmt":"2024-08-31T12:55:28","guid":{"rendered":"https:\/\/impactodenoticias.com.ar\/?p=3385"},"modified":"2024-08-31T09:55:28","modified_gmt":"2024-08-31T12:55:28","slug":"santa-elena-sustrajeron-mercaderia-de-un-camion-estacionado-y-la-hallaron-en-los-cuarteles","status":"publish","type":"post","link":"https:\/\/impactodenoticias.com.ar\/?p=3385","title":{"rendered":"Santa Elena: sustrajeron mercader\u00eda de un cami\u00f3n estacionado y la hallaron en Los Cuarteles"},"content":{"rendered":"\n<h3 class=\"wp-block-heading\">La Polic\u00eda de Santa Elena recuper\u00f3 elementos robados de un cami\u00f3n estacionado tras realizar un allanamiento este jueves en la zona conocida como Los Cuarteles de la ciudad, en barrio Progreso.<\/h3>\n\n\n\n<p>El il\u00edcito se produjo en la madrugada y fue denunciado por una vecina dedicada al rubro hotelero. De acuerdo a la denuncia de la mujer, \u00abun inquilino de su hotel, estacion\u00f3 su cami\u00f3n frente al establecimiento sobre calle Paran\u00e1 de esa ciudad, y observ\u00f3 en horas de la ma\u00f1ana de este jueves la sustracci\u00f3n de diversas mercader\u00edas que se encontraban en el veh\u00edculo de transporte\u00bb, cuya puerta lateral se encontraba sin candado, se\u00f1alaron desde la Departamental La Paz de Polic\u00eda.<\/p>\n\n\n\n<p>\u00abGracias a las investigaciones realizadas, se logr\u00f3 recuperar gran parte de los elementos sustra\u00eddos en poder de una mujer de 25 a\u00f1os, domiciliada en barrio Los Cuarteles, quien hizo entrega voluntaria de los bienes, se\u00f1alando a un hombre de 30 a\u00f1os como la persona que los hab\u00eda dejado en su poder\u00bb, agregaron las fuentes policiales.<\/p>\n\n\n\n<p>Desde la Polic\u00eda se destacaron que el individuo mencionado por la vecina \u00abfue identificado mediante las c\u00e1maras de vigilancia del hotel\u00bb.<\/p>\n","protected":false},"excerpt":{"rendered":"<p>La Polic&iacute;a de Santa Elena recuper&oacute; elementos robados de un cami&oacute;n estacionado tras realizar un allanamiento este jueves en la zona conocida como Los Cuarteles de la ciudad, en barrio Progreso. El il&iacute;cito se produjo en la madrugada y fue denunciado por una vecina dedicada al rubro hotelero. De acuerdo a la denuncia de la [&hellip;]<\/p>\n","protected":false},"author":2,"featured_media":3386,"comment_status":"open","ping_status":"open","sticky":false,"template":"","format":"standard","meta":{"footnotes":""},"categories":[8,4],"tags":[545,1576,147,439],"class_list":["post-3385","post","type-post","status-publish","format-standard","has-post-thumbnail","hentry","category-policiales","category-provinciales","tag-camion","tag-mercaderia","tag-robo","tag-santa-elena"],"_links":{"self":[{"href":"https:\/\/impactodenoticias.com.ar\/index.php?rest_route=\/wp\/v2\/posts\/3385","targetHints":{"allow":["GET"]}}],"collection":[{"href":"https:\/\/impactodenoticias.com.ar\/index.php?rest_route=\/wp\/v2\/posts"}],"about":[{"href":"https:\/\/impactodenoticias.com.ar\/index.php?rest_route=\/wp\/v2\/types\/post"}],"author":[{"embeddable":true,"href":"https:\/\/impactodenoticias.com.ar\/index.php?rest_route=\/wp\/v2\/users\/2"}],"replies":[{"embeddable":true,"href":"https:\/\/impactodenoticias.com.ar\/index.php?rest_route=%2Fwp%2Fv2%2Fcomments&post=3385"}],"version-history":[{"count":1,"href":"https:\/\/impactodenoticias.com.ar\/index.php?rest_route=\/wp\/v2\/posts\/3385\/revisions"}],"predecessor-version":[{"id":3387,"href":"https:\/\/impactodenoticias.com.ar\/index.php?rest_route=\/wp\/v2\/posts\/3385\/revisions\/3387"}],"wp:featuredmedia":[{"embeddable":true,"href":"https:\/\/impactodenoticias.com.ar\/index.php?rest_route=\/wp\/v2\/media\/3386"}],"wp:attachment":[{"href":"https:\/\/impactodenoticias.com.ar\/index.php?rest_route=%2Fwp%2Fv2%2Fmedia&parent=3385"}],"wp:term":[{"taxonomy":"category","embeddable":true,"href":"https:\/\/impactodenoticias.com.ar\/index.php?rest_route=%2Fwp%2Fv2%2Fcategories&post=3385"},{"taxonomy":"post_tag","embeddable":true,"href":"https:\/\/impactodenoticias.com.ar\/index.php?rest_route=%2Fwp%2Fv2%2Ftags&post=3385"}],"curies":[{"name":"wp","href":"https:\/\/api.w.org\/{rel}","templated":true}]}}