{"id":3397,"date":"2024-08-31T10:30:44","date_gmt":"2024-08-31T13:30:44","guid":{"rendered":"https:\/\/impactodenoticias.com.ar\/?p=3397"},"modified":"2024-08-31T10:30:45","modified_gmt":"2024-08-31T13:30:45","slug":"rosario-romero-recibio-a-andres-larroque","status":"publish","type":"post","link":"https:\/\/impactodenoticias.com.ar\/?p=3397","title":{"rendered":"Rosario Romero recibi\u00f3 a Andr\u00e9s Larroque"},"content":{"rendered":"\n<h3 class=\"wp-block-heading\">La Presidenta Municipal y el Ministro de Desarrollo de la Comunidad de la provincia de Buenos Aires dialogaron sobre la situaci\u00f3n social en Paran\u00e1 y el pa\u00eds. Adem\u00e1s analizaron el escenario pol\u00edtico y acordaron l\u00edneas de trabajo en materia de gesti\u00f3n. Particip\u00f3 el viceintendente David C\u00e1ceres.<\/h3>\n\n\n\n<p>\u201cEs vital el di\u00e1logo en el caso de Andr\u00e9s Larroque, quien ejerce un ministerio de gran importancia en una provincia argentina como lo es Buenos Aires, la principal en cantidad de habitantes y con mucha gravitancia en el resto del pa\u00eds\u201d, manifest\u00f3 Romero. Y agreg\u00f3 que \u201chemos conversado sobre la situaci\u00f3n pol\u00edtica, las restricciones en obra p\u00fablica y sobre c\u00f3mo hacemos las pol\u00edticas de desarrollo humano. Fue una grata visita\u201d.<\/p>\n\n\n\n<p>El viceintendente David C\u00e1ceres consider\u00f3 que \u201cen momentos de crisis y de enorme inestabilidad hay que ser muy creativos. Y qu\u00e9 mejor que compartir las distintas experiencias y los distintos puntos de vista respecto a la gesti\u00f3n\u201d.<\/p>\n\n\n\n<p>\u201cHablamos de lo que est\u00e1 ocurriendo en el pa\u00eds e intercambiamos miradas respecto a la situaci\u00f3n social. A m\u00ed me toca atender esa circunstancia en la provincia de Buenos Aires y me interesa conocer c\u00f3mo es la situaci\u00f3n en otras provincias. Adem\u00e1s se analiz\u00f3 la situaci\u00f3n pol\u00edtica en general, porque entendemos que las consecuencias sociales que debemos atravesar tienen que ver con la situaci\u00f3n pol\u00edtica\u201d, expres\u00f3 Larroque.<\/p>\n\n\n\n<p>El funcionario bonarense luego agreg\u00f3 que se apunta a \u201ctender puentes con otras provincias y con otras ciudades para trabajar de manera conjunta, intercambiar miradas y tratar de construir el bien com\u00fan en un contexto muy dif\u00edcil\u201d. Estuvo presente adem\u00e1s el concejal Enrique R\u00edos.<\/p>\n\n\n\n<p><\/p>\n\n\n\n<figure class=\"wp-block-embed is-type-video is-provider-youtube wp-block-embed-youtube wp-embed-aspect-16-9 wp-has-aspect-ratio\"><div class=\"wp-block-embed__wrapper\">\n<iframe loading=\"lazy\" title=\"La intendenta Rosario Romero recibi\u00f3 a Andr\u00e9s Larroque\" width=\"640\" height=\"360\" src=\"https:\/\/www.youtube.com\/embed\/wH3eeMoQ5EA?feature=oembed\" frameborder=\"0\" allow=\"accelerometer; autoplay; clipboard-write; encrypted-media; gyroscope; picture-in-picture; web-share\" referrerpolicy=\"strict-origin-when-cross-origin\" allowfullscreen><\/iframe>\n<\/div><\/figure>\n","protected":false},"excerpt":{"rendered":"<p>La Presidenta Municipal y el Ministro de Desarrollo de la Comunidad de la provincia de Buenos Aires dialogaron sobre la situaci&oacute;n social en Paran&aacute; y el pa&iacute;s. Adem&aacute;s analizaron el escenario pol&iacute;tico y acordaron l&iacute;neas de trabajo en materia de gesti&oacute;n. Particip&oacute; el viceintendente David C&aacute;ceres. &ldquo;Es vital el di&aacute;logo en el caso de Andr&eacute;s [&hellip;]<\/p>\n","protected":false},"author":2,"featured_media":3398,"comment_status":"open","ping_status":"open","sticky":false,"template":"","format":"standard","meta":{"footnotes":""},"categories":[3,11],"tags":[1561,916,163,95,161],"class_list":["post-3397","post","type-post","status-publish","format-standard","has-post-thumbnail","hentry","category-locales","category-politica","tag-andres-larroque","tag-david-caceres-2","tag-enrique-rios","tag-parana","tag-rosario-romero"],"_links":{"self":[{"href":"https:\/\/impactodenoticias.com.ar\/index.php?rest_route=\/wp\/v2\/posts\/3397","targetHints":{"allow":["GET"]}}],"collection":[{"href":"https:\/\/impactodenoticias.com.ar\/index.php?rest_route=\/wp\/v2\/posts"}],"about":[{"href":"https:\/\/impactodenoticias.com.ar\/index.php?rest_route=\/wp\/v2\/types\/post"}],"author":[{"embeddable":true,"href":"https:\/\/impactodenoticias.com.ar\/index.php?rest_route=\/wp\/v2\/users\/2"}],"replies":[{"embeddable":true,"href":"https:\/\/impactodenoticias.com.ar\/index.php?rest_route=%2Fwp%2Fv2%2Fcomments&post=3397"}],"version-history":[{"count":1,"href":"https:\/\/impactodenoticias.com.ar\/index.php?rest_route=\/wp\/v2\/posts\/3397\/revisions"}],"predecessor-version":[{"id":3399,"href":"https:\/\/impactodenoticias.com.ar\/index.php?rest_route=\/wp\/v2\/posts\/3397\/revisions\/3399"}],"wp:featuredmedia":[{"embeddable":true,"href":"https:\/\/impactodenoticias.com.ar\/index.php?rest_route=\/wp\/v2\/media\/3398"}],"wp:attachment":[{"href":"https:\/\/impactodenoticias.com.ar\/index.php?rest_route=%2Fwp%2Fv2%2Fmedia&parent=3397"}],"wp:term":[{"taxonomy":"category","embeddable":true,"href":"https:\/\/impactodenoticias.com.ar\/index.php?rest_route=%2Fwp%2Fv2%2Fcategories&post=3397"},{"taxonomy":"post_tag","embeddable":true,"href":"https:\/\/impactodenoticias.com.ar\/index.php?rest_route=%2Fwp%2Fv2%2Ftags&post=3397"}],"curies":[{"name":"wp","href":"https:\/\/api.w.org\/{rel}","templated":true}]}}