{"id":341,"date":"2024-06-18T17:36:21","date_gmt":"2024-06-18T20:36:21","guid":{"rendered":"https:\/\/impactodenoticias.com.ar\/?p=341"},"modified":"2024-06-18T17:36:22","modified_gmt":"2024-06-18T20:36:22","slug":"ley-bases-la-ultima-vez-que-hable-con-kueider-fue-antes-del-tratamiento-de-la-ley-senalo-bordet-y-agrego-que-le-dolio-el-voto-positivo","status":"publish","type":"post","link":"https:\/\/impactodenoticias.com.ar\/?p=341","title":{"rendered":"Ley Bases: \u201cLa \u00faltima vez que habl\u00e9 con Kueider fue antes del tratamiento de la ley\u00bb, se\u00f1al\u00f3 Bordet y agreg\u00f3 que le doli\u00f3 el voto positivo"},"content":{"rendered":"\n<p><strong>El ex gobernador de la provincia y actual diputado nacional Gustavo Bordet (PJ-Entre R\u00edos), hizo referencia a los avatares de la Ley Bases, reconoci\u00f3 que le \u201cmolest\u00f3 y doli\u00f3\u201d el posicionamiento de Edgardo Kueider a favor de la norma, sin embargo rechaz\u00f3 los pedidos de expulsi\u00f3n del partido: \u201cNosotros no somos un partido estalinista, de que aquel que no piensa igual se lo expulsa\u201d, expres\u00f3.<\/strong><\/p>\n\n\n\n<p>Consultado sobre las declaraciones del senador Edgardo Kueider respecto de una intenci\u00f3n de \u201chacer caer al gobierno\u201d, Bordet asever\u00f3 que \u201chablar de golpe de Estado realmente es un disparate, porque con ese criterio una marcha multitudinaria, como fue la marcha universitaria, a la cual asist\u00ed como concurrente, que fue algo masivo, podr\u00eda interpretarse como algo destituyente\u201d.<\/p>\n\n\n\n<p>\u201cEs un disparate pensar que alguien quiera hacer un golpe de Estado por una marcha donde la represi\u00f3n comienza justamente con el accionar de la fuerza y que fue perfectamente planificada por el Ministerio de Seguridad, agreg\u00f3. Por otro lado, nunca hubo intenci\u00f3n de que explote todo, porque empezamos a debatir esta ley en enero de este a\u00f1o, ingres\u00f3 a comisi\u00f3n, lleg\u00f3 al recinto, hubo un debate, despu\u00e9s por la impericia del bloque de La Libertad Avanza que volvi\u00f3 el proyecto a comisi\u00f3n sin saber que al hacer eso se perd\u00eda el Estado parlamentario, la ley qued\u00f3 en comisi\u00f3n durante meses y se activ\u00f3 ahora hace poco. Hemos presentado el debate, pero nuestro rol es el de oposici\u00f3n, no nos pueden pedir a nosotros que como bloque votemos algo que es contrario a los postulados con los cuales nos presentamos a las elecciones y obtuvimos el 45% de los votos\u201d, apunt\u00f3.<\/p>\n\n\n\n<p>\u201cNosotros representamos a ese electorado, los votos tienen que conseguirlos con el 56% restante que, supuestamente, fueron con los postulados de La Libertad Avanza. Este es el juego de la democracia y que hay que respetar y que tiene que ver con la tolerancia y con el rol que cada uno cumple. Si uno no est\u00e1 de acuerdo con algo no quiere decir que sea destituyente o que quiera que el gobierno explote, me parece que eso es querer imponer por la fuerza algo. Igual que cuando se dice que no se aprob\u00f3 ninguna ley al gobierno en seis meses\u201d, se\u00f1al\u00f3.<\/p>\n\n\n\n<p>\u201cPero el gobierno mand\u00f3 una sola ley para que se apruebe en el Congreso, es la Ley Bases. Entonces, no es que hubo otras leyes que nosotros rechazamos o nos opusimos; solamente en seis meses se gir\u00f3 un solo proyecto de ley para que sea tratado en el recinto y despu\u00e9s hemos tratado la movilidad jubilatoria que fue un dictamen que se realiz\u00f3 por acuerdos de la oposici\u00f3n y ahora hay citada una sesi\u00f3n para el 3 de junio donde se tratar\u00e1 el financiamiento universitario y el FONID, pero tambi\u00e9n por voluntad de la oposici\u00f3n, es decir, que el gobierno no puede quejarse de que no le aprueban proyectos cuando solamente manda uno\u201d, argument\u00f3.<\/p>\n\n\n\n<p>En este marco, critic\u00f3 que \u201cadem\u00e1s esa sola ley, en principio, ten\u00eda m\u00e1s de 630 art\u00edculos, lo cual tambi\u00e9n constituye un disparate porque toda gesti\u00f3n que se inicia lo que env\u00eda es un paquete de leyes que se van debatiendo por separado y que van teniendo mayor o menor grado de consensos y acuerdos, pero ac\u00e1 tambi\u00e9n hay una pr\u00e1ctica del gobierno que es la agresi\u00f3n permanente, la descalificaci\u00f3n y el estigmatizaci\u00f3n de la oposici\u00f3n y de todo aquel que se le opone, no solo desde la pol\u00edtica, a un periodista que no est\u00e1 de acuerdo con lo que el gobierno sostiene autom\u00e1ticamente se lo estigmatiza, a un dirigente social se lo estigmatiza, a la iglesia tambi\u00e9n se la ha estigmatizado por las declaraciones de algunos de sus integrantes. Creo que aqu\u00ed hay algo que no est\u00e1 de acuerdo a los c\u00e1nones del sistema\u201d, a\u00f1adi\u00f3.<\/p>\n\n\n\n<p><strong>La relaci\u00f3n con Kueider<\/strong><\/p>\n\n\n\n<p>Consultado por su relaci\u00f3n con el senador nacional Edgardo Kueider, quien fuera el secretario General de su gobierno, Bordet dijo: \u201cLa \u00faltima vez que habl\u00e9 con Kueider fue antes del tratamiento de la ley, que le manifest\u00e9 mi punto de vista y le ped\u00ed que vote por el rechazo de la ley, que era la posici\u00f3n mayoritaria que ten\u00eda nuestro bloque y le expuse cu\u00e1les eran los argumentos que ten\u00eda. Despu\u00e9s la comunicaci\u00f3n se cort\u00f3 porque no ten\u00eda bater\u00eda, no se restableci\u00f3 y fue la \u00faltima vez que habl\u00e9\u201d.<\/p>\n\n\n\n<p>Aprovech\u00f3 para se\u00f1alar que la relaci\u00f3n entre ambos \u201cno es la que ten\u00eda antes, porque antes hab\u00eda un trabajo articulado porque eran tambi\u00e9n diferentes \u00e1mbitos, est\u00e1bamos en el gobierno de la provincia hasta el 2019 y despu\u00e9s la agenda legislativa durante el gobierno de Alberto Fern\u00e1ndez fue m\u00e1s difusa\u201d.<\/p>\n\n\n\n<p>\u201cLa verdad es que estando de gobernador estuve afectado completamente a la gesti\u00f3n, inclusive con mis amigos que no tienen nada que ver con la pol\u00edtica, lamentablemente durante estos a\u00f1os he perdido pr\u00e1cticamente contacto porque el 100% del tiempo lo dedicaba a la gesti\u00f3n. Mientras estuve de gobernador pr\u00e1cticamente no he tenido vida social, yo vine a Paran\u00e1 8 a\u00f1os y no hice un solo amigo en Paran\u00e1, porque me dediqu\u00e9 a trabajar y el tiempo que no trabajaba estaba con mi familia. Es decir, siempre estos \u00faltimos 8 a\u00f1os fueron muy intensos y todo estuvo enfocado desde la pol\u00edtica. Quiz\u00e1s por la distancia, quiz\u00e1s despu\u00e9s por posiciones que s\u00ed fueron encontradas como cuando Edgardo decidi\u00f3 irse del bloque, que ah\u00ed yo p\u00fablicamente manifest\u00e9 mi desacuerdo, despu\u00e9s tambi\u00e9n en algunos puntos de vista y votaciones y algunas otras cuestiones pol\u00edticas que pasaron, perdimos contacto y perdimos la frecuencia que ten\u00edamos antes, que no era para nada la misma, nos compart\u00edamos el devenir y el d\u00eda a d\u00eda de la gesti\u00f3n que uno puede compartir con un ministro, con un secretario, con un director o con un funcionario. Quiz\u00e1s pudo haber sido eso, pero es cierto que s\u00ed hubo desencuentros desde lo pol\u00edtico realmente muy fuertes, como cuando se fue del bloque\u201d, explic\u00f3.<\/p>\n\n\n\n<p>Sobre los pedidos de expulsi\u00f3n del PJ para Kueider, dijo que \u201cdesde el peronismo no podemos estigmatizar permanentemente a las personas, nos puede gustar m\u00e1s, nos puede gustar menos, pero quien pone las cosas en su lugar es la gente con el voto y la gente es la que castiga o premia con su voto. Yo no creo en estas cuestiones de sobreactuaci\u00f3n, de estigmatizar y de querer buscar cuestiones que no tienen nada que ver con lo que hay que discutir y debatir de fondo. Por ah\u00ed muchos dirigentes, para hacerse notar, son m\u00e1s papistas que el Papa y la verdad que eso tampoco est\u00e1 bien\u201d.<\/p>\n\n\n\n<p>\u201cEl voto de Kueider me doli\u00f3 mucho, como tambi\u00e9n en su momento el haberse ido del bloque, porque uno tiene que tener en claro a qui\u00e9n representa, y nosotros ten\u00edamos claramente una representatividad desde el momento que nos eligen para algo tan importante como defender en el Congreso una posici\u00f3n pol\u00edtica. Hay cosas que uno puede tener mayor o menor inclinaci\u00f3n, pero hay cuestiones que son dogmas en pol\u00edtica y yo todav\u00eda creo en los posicionamientos pol\u00edticos, que no da lo mismo una cosa que otra. La verdad que me molest\u00f3 mucho\u201d, admiti\u00f3 Bordet.<\/p>\n\n\n\n<p>Sobre una posible expulsi\u00f3n, indic\u00f3: \u201cQuienes tienen que decidirlo son las autoridades partidarias, yo no puedo como dirigente arrogarme un derecho. Lo que s\u00ed digo es que el peronismo en su conjunto, todos, tenemos que generar un intenso debate, porque si uno lo analiza en la historia, no es la primera vez que esto ocurre. Ac\u00e1 se ha expulsado del partido a personas como el doctor Jorge Pedro Busti y la verdad es que yo creo que a la conducta de un dirigente la tiene que juzgar el electorado y cada uno de nuestros afiliados. Esto de conformar un partido tipo estalinista, que haga purgas, que expulse dirigentes, la verdad que el peronismo nunca estuvo en eso\u201d.<\/p>\n\n\n\n<p>Finalizando, se\u00f1al\u00f3: \u201cNosotros no somos un partido estalinista, de que aquel que no piensa igual se lo expulsa, eso no forma parte del ABC del peronismo. Yo creo que no hay que pasarse de rosca. Tambi\u00e9n hay dirigentes que por la cercan\u00eda pol\u00edtica que ha tenido, sobre todo durante mi primera gesti\u00f3n, tambi\u00e9n me han endilgado alg\u00fan grado de responsabilidad. Y la verdad es que son personas que a veces no sobresalen por brillo propio y aprovechan estas situaciones para actuar una situaci\u00f3n que poco tiene que ver. Yo creo que ac\u00e1 hay que centrarse en el fondo de la discusi\u00f3n, que es esta ley. La verdad es que a m\u00ed me doli\u00f3 much\u00edsimo la actitud de Edgardo, pero no soy yo para ponerme en juez y decidir en qu\u00e9 lugar tiene que estar\u201d, hizo referencia Bordet y dijo que tras la sesi\u00f3n no volvieron a hablar.<\/p>\n","protected":false},"excerpt":{"rendered":"<p>El ex gobernador de la provincia y actual diputado nacional Gustavo Bordet (PJ-Entre R&iacute;os), hizo referencia a los avatares de la Ley Bases, reconoci&oacute; que le &ldquo;molest&oacute; y doli&oacute;&rdquo; el posicionamiento de Edgardo Kueider a favor de la norma, sin embargo rechaz&oacute; los pedidos de expulsi&oacute;n del partido: &ldquo;Nosotros no somos un partido estalinista, de [&hellip;]<\/p>\n","protected":false},"author":2,"featured_media":342,"comment_status":"open","ping_status":"open","sticky":false,"template":"","format":"standard","meta":{"footnotes":""},"categories":[11,4],"tags":[27,32,28],"class_list":["post-341","post","type-post","status-publish","format-standard","has-post-thumbnail","hentry","category-politica","category-provinciales","tag-edgardo-kueider","tag-gustavo-bordet","tag-ley-bases"],"_links":{"self":[{"href":"https:\/\/impactodenoticias.com.ar\/index.php?rest_route=\/wp\/v2\/posts\/341","targetHints":{"allow":["GET"]}}],"collection":[{"href":"https:\/\/impactodenoticias.com.ar\/index.php?rest_route=\/wp\/v2\/posts"}],"about":[{"href":"https:\/\/impactodenoticias.com.ar\/index.php?rest_route=\/wp\/v2\/types\/post"}],"author":[{"embeddable":true,"href":"https:\/\/impactodenoticias.com.ar\/index.php?rest_route=\/wp\/v2\/users\/2"}],"replies":[{"embeddable":true,"href":"https:\/\/impactodenoticias.com.ar\/index.php?rest_route=%2Fwp%2Fv2%2Fcomments&post=341"}],"version-history":[{"count":1,"href":"https:\/\/impactodenoticias.com.ar\/index.php?rest_route=\/wp\/v2\/posts\/341\/revisions"}],"predecessor-version":[{"id":343,"href":"https:\/\/impactodenoticias.com.ar\/index.php?rest_route=\/wp\/v2\/posts\/341\/revisions\/343"}],"wp:featuredmedia":[{"embeddable":true,"href":"https:\/\/impactodenoticias.com.ar\/index.php?rest_route=\/wp\/v2\/media\/342"}],"wp:attachment":[{"href":"https:\/\/impactodenoticias.com.ar\/index.php?rest_route=%2Fwp%2Fv2%2Fmedia&parent=341"}],"wp:term":[{"taxonomy":"category","embeddable":true,"href":"https:\/\/impactodenoticias.com.ar\/index.php?rest_route=%2Fwp%2Fv2%2Fcategories&post=341"},{"taxonomy":"post_tag","embeddable":true,"href":"https:\/\/impactodenoticias.com.ar\/index.php?rest_route=%2Fwp%2Fv2%2Ftags&post=341"}],"curies":[{"name":"wp","href":"https:\/\/api.w.org\/{rel}","templated":true}]}}