{"id":3423,"date":"2024-08-31T23:36:28","date_gmt":"2024-09-01T02:36:28","guid":{"rendered":"https:\/\/impactodenoticias.com.ar\/?p=3423"},"modified":"2024-09-03T18:39:44","modified_gmt":"2024-09-03T21:39:44","slug":"los-motivos-de-la-cancelacion-de-la-fiesta-de-disfraces-edicion-2024","status":"publish","type":"post","link":"https:\/\/impactodenoticias.com.ar\/?p=3423","title":{"rendered":"Los motivos de la cancelaci\u00f3n de la Fiesta de Disfraces edici\u00f3n 2024"},"content":{"rendered":"\n<p><strong>Los organizadores de la Fiesta de Disfraces comunicaron la cancelaci\u00f3n del evento que se iba a realizar el 9 de noviembre. Un informe confeccionado por la Polic\u00eda, habr\u00eda sido determinante en la decisi\u00f3n de cancelar el megaevento por parte de los organizadores.<\/strong><\/p>\n\n\n\n<p>\u201cLamentamos informar que la edici\u00f3n 2024 de la Fiesta de Disfraces de Paran\u00e1, prevista para el 9 de noviembre pr\u00f3ximo, ha sido cancelada\u201d, se\u00f1alaron los organizadores en un comunicado emitido esta tarde.<\/p>\n\n\n\n<p>\u201cEs nuestra responsabilidad garantizar que la Fiesta de Disfraces, el megaevento m\u00e1s importante y exitoso de la ciudad en los \u00faltimos 25 a\u00f1os, lo siga siendo\u201d, agreg el comunicado.<\/p>\n\n\n\n<p><strong>El informe de la Polic\u00eda<\/strong><\/p>\n\n\n\n<p>Despues que se conociera la cancelaci\u00f3n de una de las fiestas m\u00e1s esperadas en la capital entrerriana, se conoci\u00f3 un estudio elaborado por la Direcci\u00f3n de Operaciones y Seguridad de la Polic\u00eda, en el cual se evaluaban los beneficios y perjuicios del lugar elegido para la FDD 2024. En el informe, se esgrim\u00edan argumentos operativos en contra del Puerto Nuevo y a favor del Parque Nuevo, para la realizaci\u00f3n del megaevento.<\/p>\n\n\n\n<p>\u201cDe acuerdo a los lugares propuestos se establece los siguientes par\u00e1metros\u201d, precisa parte del informe elaborado desde la Polic\u00eda.<\/p>\n\n\n\n<p><strong>Los puntos que no favorecen la realizaci\u00f3n en la zona de la Costanera de Paran\u00e1:<\/strong><\/p>\n\n\n\n<p>-El lugar propuesto es a la vera del r\u00edo, donde hay lugares de altura y la profundidad es importante, lo que representa un peligro inminente por el gran consumo de alcohol que hay.<\/p>\n\n\n\n<p>-Se ven afectados intereses personales de los residentes de la zona, ya que es una zona habitada por muchas personas que se ver\u00edan perjudicadas en su vida cotidiana, a su vez se estar\u00eda perjudicando la circulaci\u00f3n de gran parte de la zona norte de la ciudad generando un problema mayor de tr\u00e1nsito.<\/p>\n\n\n\n<p>-La salida de emergencia de ambulancia ser\u00eda diagramada por barrio El Morro, lo que genera mayor despliegue de recursos policiales y un pasaje peligroso para personal de salud, en una ocasi\u00f3n como esta, donde a su vez, la v\u00eda m\u00e1s r\u00e1pida ser\u00eda por Avenida Ram\u00edrez, lo que se ver\u00eda dificultado por el gran tr\u00e1nsito que se prev\u00e9.<\/p>\n\n\n\n<p>-Dentro del evento quedar\u00edan concentrados dos barrios, como ser Macarone y El Morro, lo que dificulta ampliamente neutralizar esos ingresos, ya que hay arroyos existentes que son utilizados como pasajes peatonales.<\/p>\n\n\n\n<p>-Deber\u00edan diagramarse cortes de calle con una amplitud importante, quedando restringida gran parte de la ciudad.<\/p>\n\n\n\n<p>-Existen zonas de barrancas a lo largo de toda la costanera, lo que representa un peligro para las personas que transiten.<\/p>\n\n\n\n<p>-Se ver\u00edan perjudicados intereses econ\u00f3micos de todos los comerciantes (boliches bailables) de la zona ya que al aplicarse cortes de calle impedir\u00edan el acceso a las personas habitu\u00e9, quienes mantienen constantes reclamos a la polic\u00eda por cortes de tr\u00e1nsito.<\/p>\n\n\n\n<p><\/p>\n\n\n\n<figure class=\"wp-block-image size-full\"><img loading=\"lazy\" decoding=\"async\" width=\"800\" height=\"450\" src=\"https:\/\/impactodenoticias.com.ar\/wp-content\/uploads\/2024\/08\/costanera-feria-emprendedores.jpg\" alt=\"\" class=\"wp-image-3424\" srcset=\"https:\/\/impactodenoticias.com.ar\/wp-content\/uploads\/2024\/08\/costanera-feria-emprendedores.jpg 800w, https:\/\/impactodenoticias.com.ar\/wp-content\/uploads\/2024\/08\/costanera-feria-emprendedores-300x169.jpg 300w, https:\/\/impactodenoticias.com.ar\/wp-content\/uploads\/2024\/08\/costanera-feria-emprendedores-768x432.jpg 768w\" sizes=\"auto, (max-width: 800px) 100vw, 800px\" \/><\/figure>\n\n\n\n<p><strong>Los puntos a favor para la realizazi\u00f3n de la zona Parque Nuevo:<\/strong><\/p>\n\n\n\n<p>-Existe un espacio amplio, de 55.000 m2, donde podr\u00edan ubicarse varias pistas, sin considerar el resto del lugar.<\/p>\n\n\n\n<p>-El predio est\u00e1 emplazado en una zona de la ciudad donde no perjudica al resto de la poblaci\u00f3n.<\/p>\n\n\n\n<p>-No se estar\u00eda cortando la circulaci\u00f3n en zonas densamente pobladas.<\/p>\n\n\n\n<p>-Se concentrar\u00eda a los asistentes en un predio donde no se corren riesgos.<\/p>\n\n\n\n<p>-Las salidas de emergencia son m\u00e1s \u00e1giles y viables para Salud.<\/p>\n\n\n\n<p><\/p>\n\n\n\n<figure class=\"wp-block-image size-full\"><img loading=\"lazy\" decoding=\"async\" width=\"760\" height=\"427\" src=\"https:\/\/impactodenoticias.com.ar\/wp-content\/uploads\/2024\/08\/29266ceba8abad2f20db78bf3a6cbeaf.png\" alt=\"\" class=\"wp-image-3425\" srcset=\"https:\/\/impactodenoticias.com.ar\/wp-content\/uploads\/2024\/08\/29266ceba8abad2f20db78bf3a6cbeaf.png 760w, https:\/\/impactodenoticias.com.ar\/wp-content\/uploads\/2024\/08\/29266ceba8abad2f20db78bf3a6cbeaf-300x169.png 300w\" sizes=\"auto, (max-width: 760px) 100vw, 760px\" \/><\/figure>\n\n\n\n<p><\/p>\n\n\n\n<p><strong>La cancelaci\u00f3n decidida por los organizadores<\/strong><\/p>\n\n\n\n<p>Tras conocerse este informe elaborado por la Polic\u00eda, los organizadores evaluaron las propuestas y decidieron comunicar la cancelaci\u00f3n, seg\u00fan pudo conocer Elonce. \u201cDada la conocida magnitud y relevancia de la FDD para la comunidad paranaense, su organizaci\u00f3n requiere meses de trabajo y un firme compromiso de todas las partes involucradas\u201d, se\u00f1alaron.<\/p>\n\n\n\n<p>\u201cHan surgido por parte de las autoridades y fuerzas de seguridad, modificaciones y propuestas de relocalizaci\u00f3n, que implicar\u00edan poner en riesgo el desarrollo del evento de manera planificada y exitosa, por lo que bajo estas condiciones hemos decidido su cancelaci\u00f3n\u201d, expresaron los organizadores de la Fiesta de Disfraces.<\/p>\n","protected":false},"excerpt":{"rendered":"<p>Los organizadores de la Fiesta de Disfraces comunicaron la cancelaci&oacute;n del evento que se iba a realizar el 9 de noviembre. Un informe confeccionado por la Polic&iacute;a, habr&iacute;a sido determinante en la decisi&oacute;n de cancelar el megaevento por parte de los organizadores. &ldquo;Lamentamos informar que la edici&oacute;n 2024 de la Fiesta de Disfraces de Paran&aacute;, [&hellip;]<\/p>\n","protected":false},"author":2,"featured_media":3426,"comment_status":"open","ping_status":"open","sticky":false,"template":"","format":"standard","meta":{"footnotes":""},"categories":[3,49],"tags":[1599,1600,1601,95],"class_list":["post-3423","post","type-post","status-publish","format-standard","has-post-thumbnail","hentry","category-locales","category-sociedad","tag-cancelacion","tag-fiesta-de-disfraces-2024","tag-motivos","tag-parana"],"_links":{"self":[{"href":"https:\/\/impactodenoticias.com.ar\/index.php?rest_route=\/wp\/v2\/posts\/3423","targetHints":{"allow":["GET"]}}],"collection":[{"href":"https:\/\/impactodenoticias.com.ar\/index.php?rest_route=\/wp\/v2\/posts"}],"about":[{"href":"https:\/\/impactodenoticias.com.ar\/index.php?rest_route=\/wp\/v2\/types\/post"}],"author":[{"embeddable":true,"href":"https:\/\/impactodenoticias.com.ar\/index.php?rest_route=\/wp\/v2\/users\/2"}],"replies":[{"embeddable":true,"href":"https:\/\/impactodenoticias.com.ar\/index.php?rest_route=%2Fwp%2Fv2%2Fcomments&post=3423"}],"version-history":[{"count":1,"href":"https:\/\/impactodenoticias.com.ar\/index.php?rest_route=\/wp\/v2\/posts\/3423\/revisions"}],"predecessor-version":[{"id":3427,"href":"https:\/\/impactodenoticias.com.ar\/index.php?rest_route=\/wp\/v2\/posts\/3423\/revisions\/3427"}],"wp:featuredmedia":[{"embeddable":true,"href":"https:\/\/impactodenoticias.com.ar\/index.php?rest_route=\/wp\/v2\/media\/3426"}],"wp:attachment":[{"href":"https:\/\/impactodenoticias.com.ar\/index.php?rest_route=%2Fwp%2Fv2%2Fmedia&parent=3423"}],"wp:term":[{"taxonomy":"category","embeddable":true,"href":"https:\/\/impactodenoticias.com.ar\/index.php?rest_route=%2Fwp%2Fv2%2Fcategories&post=3423"},{"taxonomy":"post_tag","embeddable":true,"href":"https:\/\/impactodenoticias.com.ar\/index.php?rest_route=%2Fwp%2Fv2%2Ftags&post=3423"}],"curies":[{"name":"wp","href":"https:\/\/api.w.org\/{rel}","templated":true}]}}