{"id":347,"date":"2024-06-19T08:55:13","date_gmt":"2024-06-19T11:55:13","guid":{"rendered":"https:\/\/impactodenoticias.com.ar\/?p=347"},"modified":"2024-06-19T08:55:14","modified_gmt":"2024-06-19T11:55:14","slug":"el-pronostico-del-tiempo-en-entre-rios-nubosidad-en-aumento-y-posibilidad-de-inestabilidades","status":"publish","type":"post","link":"https:\/\/impactodenoticias.com.ar\/?p=347","title":{"rendered":"El pron\u00f3stico del tiempo en Entre R\u00edos: nubosidad en aumento y posibilidad de inestabilidades"},"content":{"rendered":"\n<h3 class=\"wp-block-heading\">En la semana contin\u00faan las condiciones de gran humedad y temperaturas algo altas para esta \u00e9poca del a\u00f1o. Para cu\u00e1ndo hay probabilidad de inestabilidades y qu\u00e9 d\u00eda bajar\u00edan los registros t\u00e9rmicos.<\/h3>\n\n\n\n<p>El tiempo nuboso y h\u00famedo continuar\u00e1 durante esta jornada en Entre R\u00edos, y no se descartan algunas precipitaciones aisladas, mientras que la temperatura m\u00e1xima alcanzar\u00eda los 22 grados.<\/p>\n\n\n\n<p>El jueves se presentar\u00e1 con cielo algo nublado hasta la tarde, cuando podr\u00edan comenzar a producirse algunos chaparrones con registros t\u00e9rmicos que durante las ma\u00f1ana estar\u00e1n entre los 12 y 15 grados, mientras que a la tarde podr\u00edan rondar los 20 grados.<\/p>\n\n\n\n<p>Mientras que el viernes tambi\u00e9n arrancar\u00eda con inestabilidad y baja probabilidad de algunas tormentas asiladas. Los registros t\u00e9rmicos en los term\u00f3metros ser\u00edan similares a los de la jornada anterior.<\/p>\n\n\n\n<p>El fin de semana estar\u00eda mayormente nublado y para el domingo se anuncia un importante descenso en las temperaturas que no podr\u00edan llegar<br>a los 17 grados en Entre R\u00edos.<\/p>\n","protected":false},"excerpt":{"rendered":"<p>En la semana contin&uacute;an las condiciones de gran humedad y temperaturas algo altas para esta &eacute;poca del a&ntilde;o. Para cu&aacute;ndo hay probabilidad de inestabilidades y qu&eacute; d&iacute;a bajar&iacute;an los registros t&eacute;rmicos. El tiempo nuboso y h&uacute;medo continuar&aacute; durante esta jornada en Entre R&iacute;os, y no se descartan algunas precipitaciones aisladas, mientras que la temperatura m&aacute;xima [&hellip;]<\/p>\n","protected":false},"author":2,"featured_media":348,"comment_status":"open","ping_status":"open","sticky":false,"template":"","format":"standard","meta":{"footnotes":""},"categories":[3,4],"tags":[38,33],"class_list":["post-347","post","type-post","status-publish","format-standard","has-post-thumbnail","hentry","category-locales","category-provinciales","tag-clima","tag-entre-rios"],"_links":{"self":[{"href":"https:\/\/impactodenoticias.com.ar\/index.php?rest_route=\/wp\/v2\/posts\/347","targetHints":{"allow":["GET"]}}],"collection":[{"href":"https:\/\/impactodenoticias.com.ar\/index.php?rest_route=\/wp\/v2\/posts"}],"about":[{"href":"https:\/\/impactodenoticias.com.ar\/index.php?rest_route=\/wp\/v2\/types\/post"}],"author":[{"embeddable":true,"href":"https:\/\/impactodenoticias.com.ar\/index.php?rest_route=\/wp\/v2\/users\/2"}],"replies":[{"embeddable":true,"href":"https:\/\/impactodenoticias.com.ar\/index.php?rest_route=%2Fwp%2Fv2%2Fcomments&post=347"}],"version-history":[{"count":1,"href":"https:\/\/impactodenoticias.com.ar\/index.php?rest_route=\/wp\/v2\/posts\/347\/revisions"}],"predecessor-version":[{"id":349,"href":"https:\/\/impactodenoticias.com.ar\/index.php?rest_route=\/wp\/v2\/posts\/347\/revisions\/349"}],"wp:featuredmedia":[{"embeddable":true,"href":"https:\/\/impactodenoticias.com.ar\/index.php?rest_route=\/wp\/v2\/media\/348"}],"wp:attachment":[{"href":"https:\/\/impactodenoticias.com.ar\/index.php?rest_route=%2Fwp%2Fv2%2Fmedia&parent=347"}],"wp:term":[{"taxonomy":"category","embeddable":true,"href":"https:\/\/impactodenoticias.com.ar\/index.php?rest_route=%2Fwp%2Fv2%2Fcategories&post=347"},{"taxonomy":"post_tag","embeddable":true,"href":"https:\/\/impactodenoticias.com.ar\/index.php?rest_route=%2Fwp%2Fv2%2Ftags&post=347"}],"curies":[{"name":"wp","href":"https:\/\/api.w.org\/{rel}","templated":true}]}}