{"id":3481,"date":"2024-09-02T17:45:53","date_gmt":"2024-09-02T20:45:53","guid":{"rendered":"https:\/\/impactodenoticias.com.ar\/?p=3481"},"modified":"2024-09-04T09:54:43","modified_gmt":"2024-09-04T12:54:43","slug":"enersa-recordo-que-el-miercoles-vence-el-plazo-para-inscribirse-al-subsidio","status":"publish","type":"post","link":"https:\/\/impactodenoticias.com.ar\/?p=3481","title":{"rendered":"Enersa record\u00f3 que el mi\u00e9rcoles vence el plazo para inscribirse al subsidio"},"content":{"rendered":"\n<p><strong>Enersa inform\u00f3 este lunes a los usuarios que si a\u00fan no se han inscripto en el \u201cRegistro de Acceso a los Subsidios a la Energ\u00eda (RASE)\u201d, deber\u00e1n hacerlo a la brevedad para poder mantenerlos.<\/strong><\/p>\n\n\n\n<p>La fecha l\u00edmite dispuesta por el Gobierno Nacional es el mi\u00e9rcoles 4 de septiembre. De lo contrario, ser\u00e1n considerados como usuarios de Nivel 1 (altos ingresos) y no obtendr\u00e1n ning\u00fan beneficio.<\/p>\n\n\n\n<p>Este recordatorio aplica adem\u00e1s a aquellos usuarios que fueron categorizados autom\u00e1ticamente como \u201cN2\u201d (Nivel 2 \u2013 bajos ingresos) sin haberse inscripto y que est\u00e1n percibiendo subsidios. Estos usuarios tambi\u00e9n deber\u00e1n registrarse.<\/p>\n\n\n\n<p>Para acceder al RASE, deber\u00e1n ingresar a: <a href=\"https:\/\/www.argentina.gob.ar\/subsidios\">https:\/\/www.argentina.gob.ar\/subsidios<\/a><\/p>\n\n\n\n<p><strong>No hay que volver a inscribirse<\/strong><\/p>\n\n\n\n<p>Para \u00abtodos\u00bb sus usuarios, Enersa aclara que quienes ya se hayan inscripto NO deben volver a hacerlo, salvo que necesiten actualizar la informaci\u00f3n que declararon oportunamente.<\/p>\n\n\n\n<p><strong>Tutorial \u00abpaso a paso\u00bb<\/strong><\/p>\n\n\n\n<p>Enersa recuerda que se encuentra a disposici\u00f3n, en la p\u00e1gina web de Enersa, un video tutorial que explica \u201cpaso a paso\u201d c\u00f3mo inscribirse en el RASE: <a href=\"https:\/\/www.enersa.com.ar\">https:\/\/www.enersa.com.ar<\/a><\/p>\n\n\n\n<p><strong>Como saber mi nivel de usuario<\/strong><\/p>\n\n\n\n<p>La informaci\u00f3n figura en la parte superior de la factura, tal como aparece en la siguiente imagen ilustrativa, resaltada en amarillo:<\/p>\n\n\n\n<p><\/p>\n\n\n\n<figure class=\"wp-block-image size-full\"><img loading=\"lazy\" decoding=\"async\" width=\"693\" height=\"226\" src=\"https:\/\/impactodenoticias.com.ar\/wp-content\/uploads\/2024\/09\/scrnli_2_9_2024_17-42-01.png\" alt=\"\" class=\"wp-image-3482\" srcset=\"https:\/\/impactodenoticias.com.ar\/wp-content\/uploads\/2024\/09\/scrnli_2_9_2024_17-42-01.png 693w, https:\/\/impactodenoticias.com.ar\/wp-content\/uploads\/2024\/09\/scrnli_2_9_2024_17-42-01-300x98.png 300w\" sizes=\"auto, (max-width: 693px) 100vw, 693px\" \/><\/figure>\n","protected":false},"excerpt":{"rendered":"<p>Enersa inform&oacute; este lunes a los usuarios que si a&uacute;n no se han inscripto en el &ldquo;Registro de Acceso a los Subsidios a la Energ&iacute;a (RASE)&rdquo;, deber&aacute;n hacerlo a la brevedad para poder mantenerlos. La fecha l&iacute;mite dispuesta por el Gobierno Nacional es el mi&eacute;rcoles 4 de septiembre. De lo contrario, ser&aacute;n considerados como usuarios [&hellip;]<\/p>\n","protected":false},"author":2,"featured_media":3483,"comment_status":"open","ping_status":"open","sticky":false,"template":"","format":"standard","meta":{"footnotes":""},"categories":[4,49],"tags":[409,33,1617,162],"class_list":["post-3481","post","type-post","status-publish","format-standard","has-post-thumbnail","hentry","category-provinciales","category-sociedad","tag-enersa","tag-entre-rios","tag-inscripcion","tag-subsidios"],"_links":{"self":[{"href":"https:\/\/impactodenoticias.com.ar\/index.php?rest_route=\/wp\/v2\/posts\/3481","targetHints":{"allow":["GET"]}}],"collection":[{"href":"https:\/\/impactodenoticias.com.ar\/index.php?rest_route=\/wp\/v2\/posts"}],"about":[{"href":"https:\/\/impactodenoticias.com.ar\/index.php?rest_route=\/wp\/v2\/types\/post"}],"author":[{"embeddable":true,"href":"https:\/\/impactodenoticias.com.ar\/index.php?rest_route=\/wp\/v2\/users\/2"}],"replies":[{"embeddable":true,"href":"https:\/\/impactodenoticias.com.ar\/index.php?rest_route=%2Fwp%2Fv2%2Fcomments&post=3481"}],"version-history":[{"count":1,"href":"https:\/\/impactodenoticias.com.ar\/index.php?rest_route=\/wp\/v2\/posts\/3481\/revisions"}],"predecessor-version":[{"id":3484,"href":"https:\/\/impactodenoticias.com.ar\/index.php?rest_route=\/wp\/v2\/posts\/3481\/revisions\/3484"}],"wp:featuredmedia":[{"embeddable":true,"href":"https:\/\/impactodenoticias.com.ar\/index.php?rest_route=\/wp\/v2\/media\/3483"}],"wp:attachment":[{"href":"https:\/\/impactodenoticias.com.ar\/index.php?rest_route=%2Fwp%2Fv2%2Fmedia&parent=3481"}],"wp:term":[{"taxonomy":"category","embeddable":true,"href":"https:\/\/impactodenoticias.com.ar\/index.php?rest_route=%2Fwp%2Fv2%2Fcategories&post=3481"},{"taxonomy":"post_tag","embeddable":true,"href":"https:\/\/impactodenoticias.com.ar\/index.php?rest_route=%2Fwp%2Fv2%2Ftags&post=3481"}],"curies":[{"name":"wp","href":"https:\/\/api.w.org\/{rel}","templated":true}]}}