{"id":3494,"date":"2024-09-02T20:01:51","date_gmt":"2024-09-02T23:01:51","guid":{"rendered":"https:\/\/impactodenoticias.com.ar\/?p=3494"},"modified":"2024-09-03T18:39:02","modified_gmt":"2024-09-03T21:39:02","slug":"rossi-quiere-la-fiesta-de-disfraces-y-terminar-con-el-armado-a-dedo-de-listas-desde-una-oficina-en-parana","status":"publish","type":"post","link":"https:\/\/impactodenoticias.com.ar\/?p=3494","title":{"rendered":"Rossi quiere la fiesta de disfraces y terminar con el armado \u00aba dedo\u00bb de listas desde una oficina en Paran\u00e1"},"content":{"rendered":"\n<p><strong>Daniel Rossi , Intendente de la ciudad de Santa Elena, en declaraciones radiales, habl\u00f3 de su expectativa en el ofrecimiento para la realizaci\u00f3n de la fiesta de disfraces en esa ciudad, de los beneficios y oportunidades. Adem\u00e1s dio su opini\u00f3n sobre el congreso peronista; quiere que se vuelvan a elegir los candidatos por departamentos y terminar con los armados en Paran\u00e1.<\/strong><\/p>\n\n\n\n<p>Rossi, relat\u00f3 c\u00f3mo surgi\u00f3 la idea de ofrecer la ciudad de Santa Elena como alternativa para la realizaci\u00f3n de la Fiesta de Disfraces (FDD), ante la cancelaci\u00f3n por parte de los organizadores en la ciudad de Paran\u00e1, se\u00f1al\u00f3 que \u201ccuando publican el s\u00e1bado que no se pod\u00eda realizar en Paran\u00e1, yo me comunic\u00f3 r\u00e1pidamente con el personal de servicios p\u00fablicos y alumbrado, para tener una idea si pod\u00edamos ofrecer, sin que nadie se ofenda, ofrecer un lugar en nuestra ciudad\u201d se\u00f1al\u00f3, en su argumentaci\u00f3n describi\u00f3 las posibilidades de infraestructura y espacio, adem\u00e1s de poder abastecer con los requerimientos esenciales como energ\u00eda el\u00e9ctrica.<\/p>\n\n\n\n<p>El lugar que tendr\u00eda pensado ofrecer es el predio donde se encuentra el polideportivo, cors\u00f3dromo y vel\u00f3dromo, m\u00e1s de 20 hect\u00e1reas, sumados a los campos del ex frigor\u00edfico, posicionando el ofrecimiento como el lugar ideal para el desarrollo de una de las fiestas m\u00e1s grandes de Latinoam\u00e9rica, destac\u00f3.<\/p>\n\n\n\n<p>\u201cSi este a\u00f1o no hay acuerdo no se puede hacer en Paran\u00e1, ofrecemos respetuosamente para que se pueda hacer en nuestra ciudad \u201c. El Intendente de la ciudad, espera poder comunicarse en la ma\u00f1ana del lunes con los organizadores de la fiesta para ofrecerles formalmente la ciudad.<\/p>\n\n\n\n<p>Daniel Rossi adem\u00e1s expres\u00f3 que est\u00e1n dadas todas las condiciones en cuanto a alojamiento e infraestructura, ya que ciudades como La Paz, podr\u00edan ofrecer sus plazas. Como tambi\u00e9n la alternativa de los campos del predio del ex frigor\u00edfico como alternativa de acampe.<\/p>\n\n\n\n<p><strong>Banco Naci\u00f3n abre una nueva y moderna sucursal en Santa Elena<\/strong><\/p>\n\n\n\n<p>As\u00ed lo anunci\u00f3 Rossi, en el mes pr\u00f3ximo estar\u00e1 abriendo sus puertas la sucursal del Banco Naci\u00f3n en Santa Elena, subray\u00f3 la importancia para la ciudad como el progreso econ\u00f3mico para la regi\u00f3n y las alternativas de fuentes laborales<\/p>\n\n\n\n<p><strong>Congreso peronista<\/strong><\/p>\n\n\n\n<p>\u201cVoy a participar como hace 20 a\u00f1os que vengo luchando solo, desde que se implemento la ley Castrillon que se perdi\u00f3 la democratizaci\u00f3n del peronismo,<\/p>\n\n\n\n<p>\u00abVoy con una postura y el orden del d\u00eda me da esperanza que se profundizar\u00e1 el debate en el peronismo\u00bb declar\u00f3 en forma terminante el hist\u00f3rico dirigente Peronista y seis veces intendente de Santa Elena.<\/p>\n\n\n\n<p>Rossi aprovech\u00f3 la oportunidad para subrayar que se habla de la modificaci\u00f3n de la carta org\u00e1nica y la ley electoral en los puntos a tratar la democratizaci\u00f3n es el paso importante para el peronismo. Dijo que <strong>\u201c no puede ser que en una oficina en Paran\u00e1 se arman las listas\u201d<\/strong> y lament\u00f3 que si <strong>\u201cuno quiere ser candidato a diputado, si no est\u00e1 en la lista que arm\u00f3 el gobernador no se lo permite\u201d,<\/strong> quiere volver al viejo sistema donde los candidatos eran electos por departamento y la incorporaci\u00f3n de las minor\u00edas, dispar\u00f3. Fuente: RadioLaVoz.<\/p>\n","protected":false},"excerpt":{"rendered":"<p>Daniel Rossi , Intendente de la ciudad de Santa Elena, en declaraciones radiales, habl&oacute; de su expectativa en el ofrecimiento para la realizaci&oacute;n de la fiesta de disfraces en esa ciudad, de los beneficios y oportunidades. Adem&aacute;s dio su opini&oacute;n sobre el congreso peronista; quiere que se vuelvan a elegir los candidatos por departamentos y [&hellip;]<\/p>\n","protected":false},"author":2,"featured_media":3495,"comment_status":"open","ping_status":"open","sticky":false,"template":"","format":"standard","meta":{"footnotes":""},"categories":[11,4],"tags":[1625,1624,620,908,439],"class_list":["post-3494","post","type-post","status-publish","format-standard","has-post-thumbnail","hentry","category-politica","category-provinciales","tag-banco-nacion","tag-congreso-peronista","tag-daniel-rossi","tag-fiesta-de-disfraces","tag-santa-elena"],"_links":{"self":[{"href":"https:\/\/impactodenoticias.com.ar\/index.php?rest_route=\/wp\/v2\/posts\/3494","targetHints":{"allow":["GET"]}}],"collection":[{"href":"https:\/\/impactodenoticias.com.ar\/index.php?rest_route=\/wp\/v2\/posts"}],"about":[{"href":"https:\/\/impactodenoticias.com.ar\/index.php?rest_route=\/wp\/v2\/types\/post"}],"author":[{"embeddable":true,"href":"https:\/\/impactodenoticias.com.ar\/index.php?rest_route=\/wp\/v2\/users\/2"}],"replies":[{"embeddable":true,"href":"https:\/\/impactodenoticias.com.ar\/index.php?rest_route=%2Fwp%2Fv2%2Fcomments&post=3494"}],"version-history":[{"count":1,"href":"https:\/\/impactodenoticias.com.ar\/index.php?rest_route=\/wp\/v2\/posts\/3494\/revisions"}],"predecessor-version":[{"id":3496,"href":"https:\/\/impactodenoticias.com.ar\/index.php?rest_route=\/wp\/v2\/posts\/3494\/revisions\/3496"}],"wp:featuredmedia":[{"embeddable":true,"href":"https:\/\/impactodenoticias.com.ar\/index.php?rest_route=\/wp\/v2\/media\/3495"}],"wp:attachment":[{"href":"https:\/\/impactodenoticias.com.ar\/index.php?rest_route=%2Fwp%2Fv2%2Fmedia&parent=3494"}],"wp:term":[{"taxonomy":"category","embeddable":true,"href":"https:\/\/impactodenoticias.com.ar\/index.php?rest_route=%2Fwp%2Fv2%2Fcategories&post=3494"},{"taxonomy":"post_tag","embeddable":true,"href":"https:\/\/impactodenoticias.com.ar\/index.php?rest_route=%2Fwp%2Fv2%2Ftags&post=3494"}],"curies":[{"name":"wp","href":"https:\/\/api.w.org\/{rel}","templated":true}]}}