{"id":3497,"date":"2024-09-02T21:43:38","date_gmt":"2024-09-03T00:43:38","guid":{"rendered":"https:\/\/impactodenoticias.com.ar\/?p=3497"},"modified":"2024-09-02T21:43:38","modified_gmt":"2024-09-03T00:43:38","slug":"paritaria-docente-estamos-cerca-de-ponernos-de-acuerdo-senalo-troncoso","status":"publish","type":"post","link":"https:\/\/impactodenoticias.com.ar\/?p=3497","title":{"rendered":"Paritaria docente: \u201cEstamos cerca de ponernos de acuerdo\u201d, se\u00f1al\u00f3 Troncoso"},"content":{"rendered":"\n<p><strong>Fue en la previa del encuentro que tendr\u00e1 el gobierno entrerriano con los gremios docentes este martes. Analizan pagar con fondos propios el Fonid.<\/strong><\/p>\n\n\n\n<p>El ministro de Gobierno y Trabajo de Entre R\u00edos, Manuel Troncoso, dialog\u00f3 con los medios a horas del segundo encuentro paritario con los gremios docentes en el marco de la conciliaci\u00f3n obligatoria dictada por la Justicia. Este lunes, se\u00f1al\u00f3 adem\u00e1s que hubo un encuentro informal donde se avanz\u00f3 en las conversaciones.<\/p>\n\n\n\n<p>\u201cTuvimos un encuentro largo pero informal, ma\u00f1ana ya ser\u00e1 formal en la Justicia laboral. Estamos afinando la propuesta, avanzando en \u00edtems importantes. Uno es un n\u00famero en torno al deterioro salarial, creemos que estamos encaminados, lo que estamos terminando de cerrar es el c\u00f3mo\u201d, manifest\u00f3 Troncoso.<\/p>\n\n\n\n<p>El ministro se\u00f1al\u00f3 que \u201csiempre estuvo la voluntad pol\u00edtica de reconocer el problema\u201d de los maestros. Y destac\u00f3: \u201cEstamos por el buen camino, la idea es volver a garantizar el blindaje contra la inflaci\u00f3n semestral, ver el c\u00f3digo de movilidad y otros \u00edtems. Estamos construyendo una propuesta pero no unilateral, sino que tenga el consenso del sector sindical para que pueda caminar. Y estamos cerca de ponernos de acuerdo\u201d.<\/p>\n\n\n\n<p>Troncoso precis\u00f3 que se baraja la posibilidad de que la Provincia asuma el pago del Fonid, recortado por el gobierno nacional: \u201cYa nos hicimos cargo por un mes del Fondo. Dada la necesidad, es un punto que se est\u00e1 hablando. Hay que ver c\u00f3mo y cu\u00e1nto, tenemos la voluntad de avanzar en ese sentido\u201d, cerr\u00f3.<\/p>\n","protected":false},"excerpt":{"rendered":"<p>Fue en la previa del encuentro que tendr&aacute; el gobierno entrerriano con los gremios docentes este martes. Analizan pagar con fondos propios el Fonid. El ministro de Gobierno y Trabajo de Entre R&iacute;os, Manuel Troncoso, dialog&oacute; con los medios a horas del segundo encuentro paritario con los gremios docentes en el marco de la conciliaci&oacute;n [&hellip;]<\/p>\n","protected":false},"author":2,"featured_media":3498,"comment_status":"open","ping_status":"open","sticky":false,"template":"","format":"standard","meta":{"footnotes":""},"categories":[91,4],"tags":[60,332,713],"class_list":["post-3497","post","type-post","status-publish","format-standard","has-post-thumbnail","hentry","category-gremiales","category-provinciales","tag-docente","tag-manuel-troncoso","tag-paritaria"],"_links":{"self":[{"href":"https:\/\/impactodenoticias.com.ar\/index.php?rest_route=\/wp\/v2\/posts\/3497","targetHints":{"allow":["GET"]}}],"collection":[{"href":"https:\/\/impactodenoticias.com.ar\/index.php?rest_route=\/wp\/v2\/posts"}],"about":[{"href":"https:\/\/impactodenoticias.com.ar\/index.php?rest_route=\/wp\/v2\/types\/post"}],"author":[{"embeddable":true,"href":"https:\/\/impactodenoticias.com.ar\/index.php?rest_route=\/wp\/v2\/users\/2"}],"replies":[{"embeddable":true,"href":"https:\/\/impactodenoticias.com.ar\/index.php?rest_route=%2Fwp%2Fv2%2Fcomments&post=3497"}],"version-history":[{"count":1,"href":"https:\/\/impactodenoticias.com.ar\/index.php?rest_route=\/wp\/v2\/posts\/3497\/revisions"}],"predecessor-version":[{"id":3499,"href":"https:\/\/impactodenoticias.com.ar\/index.php?rest_route=\/wp\/v2\/posts\/3497\/revisions\/3499"}],"wp:featuredmedia":[{"embeddable":true,"href":"https:\/\/impactodenoticias.com.ar\/index.php?rest_route=\/wp\/v2\/media\/3498"}],"wp:attachment":[{"href":"https:\/\/impactodenoticias.com.ar\/index.php?rest_route=%2Fwp%2Fv2%2Fmedia&parent=3497"}],"wp:term":[{"taxonomy":"category","embeddable":true,"href":"https:\/\/impactodenoticias.com.ar\/index.php?rest_route=%2Fwp%2Fv2%2Fcategories&post=3497"},{"taxonomy":"post_tag","embeddable":true,"href":"https:\/\/impactodenoticias.com.ar\/index.php?rest_route=%2Fwp%2Fv2%2Ftags&post=3497"}],"curies":[{"name":"wp","href":"https:\/\/api.w.org\/{rel}","templated":true}]}}