{"id":3500,"date":"2024-09-02T21:49:30","date_gmt":"2024-09-03T00:49:30","guid":{"rendered":"https:\/\/impactodenoticias.com.ar\/?p=3500"},"modified":"2024-09-02T21:49:30","modified_gmt":"2024-09-03T00:49:30","slug":"colectivos-sin-propuestas-aumenta-la-posibilidad-de-un-nuevo-paro-en-parana-y-area-metropolitana","status":"publish","type":"post","link":"https:\/\/impactodenoticias.com.ar\/?p=3500","title":{"rendered":"Colectivos: sin propuestas, aumenta la posibilidad de un nuevo paro en Paran\u00e1 y \u00c1rea Metropolitana"},"content":{"rendered":"\n<p><strong>La reuni\u00f3n en el marco de la conciliaci\u00f3n obligatoria por el conflicto del transporte urbano de Paran\u00e1 concluy\u00f3 sin una propuesta concreta.<\/strong><\/p>\n\n\n\n<p>Se pas\u00f3 a un nuevo cuarto intermedio hasta el pr\u00f3ximo viernes a la ma\u00f1ana, a horas de que se termine la instancia dictada por la Secretar\u00eda de Trabajo, siendo a las 22 de ese mismo d\u00eda.<\/p>\n\n\n\n<p>Desde UTA, el gremio que nuclea a los choferes de colectivos, destacaron que si no hay una oferta que cumpla con las expectativas del sector, se activar\u00e1n los mecanismos sindicales que podr\u00edan realizar un nuevo paro de colectivos en la capital y el \u00e1rea metropolitana.<\/p>\n\n\n\n<p>Los choferes entrerrianos pretenden una recomposici\u00f3n salarial que iguale el acuerdo firmado por los colectiveros del \u00c1rea Metropolitana de Buenos Aires, bajo el criterio de \u201cigual remuneraci\u00f3n por igual trabajo\u201d.<\/p>\n\n\n\n<p>En Buenos Aires se firm\u00f3 un b\u00e1sico de $1.060.000. \u201cDebajo de eso, nada\u201d, adelant\u00f3 Brito.<\/p>\n\n\n\n<p>\u201cVen\u00edamos con la expectativa incierta porque no tenemos novedades de la empresa. Como UTA no nos notificaron nada\u201c, hab\u00eda indicado el dirigente gremial el viernes, y alert\u00f3 que \u201cen vez de solucionar y poner pa\u00f1os fr\u00edos al conflicto, hace que los trabajadores se molesten\u201d.<\/p>\n\n\n\n<p>\u201cEstamos poniendo toda la buena voluntad de los trabajadores de esperar y siempre nos encontramos con algo raro\u201c, apunt\u00f3 Brito.<\/p>\n\n\n\n<p>Adem\u00e1s confirm\u00f3 que la semana pasada se pag\u00f3 la segunda cuota del bono adeudado . De todas formas, de cara al cierre de la conciliaci\u00f3n el 5 de septiembre y de la nueva fecha de pago de los haberes de agosto, adelant\u00f3 lo siguiente: \u201cSi no se acreditan los sueldos vamos a tomar medidas. Esperemos que esto se solucione porque es lo que queremos todos, trabajadores y usuarios\u201d, concluy\u00f3.<\/p>\n","protected":false},"excerpt":{"rendered":"<p>La reuni&oacute;n en el marco de la conciliaci&oacute;n obligatoria por el conflicto del transporte urbano de Paran&aacute; concluy&oacute; sin una propuesta concreta. Se pas&oacute; a un nuevo cuarto intermedio hasta el pr&oacute;ximo viernes a la ma&ntilde;ana, a horas de que se termine la instancia dictada por la Secretar&iacute;a de Trabajo, siendo a las 22 de [&hellip;]<\/p>\n","protected":false},"author":2,"featured_media":3501,"comment_status":"open","ping_status":"open","sticky":false,"template":"","format":"standard","meta":{"footnotes":""},"categories":[91,3],"tags":[1628,1629,95,59,1627,365],"class_list":["post-3500","post","type-post","status-publish","format-standard","has-post-thumbnail","hentry","category-gremiales","category-locales","tag-conciliatoria","tag-jose-brito","tag-parana","tag-paro","tag-reunion-2","tag-uta"],"_links":{"self":[{"href":"https:\/\/impactodenoticias.com.ar\/index.php?rest_route=\/wp\/v2\/posts\/3500","targetHints":{"allow":["GET"]}}],"collection":[{"href":"https:\/\/impactodenoticias.com.ar\/index.php?rest_route=\/wp\/v2\/posts"}],"about":[{"href":"https:\/\/impactodenoticias.com.ar\/index.php?rest_route=\/wp\/v2\/types\/post"}],"author":[{"embeddable":true,"href":"https:\/\/impactodenoticias.com.ar\/index.php?rest_route=\/wp\/v2\/users\/2"}],"replies":[{"embeddable":true,"href":"https:\/\/impactodenoticias.com.ar\/index.php?rest_route=%2Fwp%2Fv2%2Fcomments&post=3500"}],"version-history":[{"count":1,"href":"https:\/\/impactodenoticias.com.ar\/index.php?rest_route=\/wp\/v2\/posts\/3500\/revisions"}],"predecessor-version":[{"id":3502,"href":"https:\/\/impactodenoticias.com.ar\/index.php?rest_route=\/wp\/v2\/posts\/3500\/revisions\/3502"}],"wp:featuredmedia":[{"embeddable":true,"href":"https:\/\/impactodenoticias.com.ar\/index.php?rest_route=\/wp\/v2\/media\/3501"}],"wp:attachment":[{"href":"https:\/\/impactodenoticias.com.ar\/index.php?rest_route=%2Fwp%2Fv2%2Fmedia&parent=3500"}],"wp:term":[{"taxonomy":"category","embeddable":true,"href":"https:\/\/impactodenoticias.com.ar\/index.php?rest_route=%2Fwp%2Fv2%2Fcategories&post=3500"},{"taxonomy":"post_tag","embeddable":true,"href":"https:\/\/impactodenoticias.com.ar\/index.php?rest_route=%2Fwp%2Fv2%2Ftags&post=3500"}],"curies":[{"name":"wp","href":"https:\/\/api.w.org\/{rel}","templated":true}]}}