{"id":3526,"date":"2024-09-03T18:15:41","date_gmt":"2024-09-03T21:15:41","guid":{"rendered":"https:\/\/impactodenoticias.com.ar\/?p=3526"},"modified":"2024-09-03T18:15:42","modified_gmt":"2024-09-03T21:15:42","slug":"ya-se-puede-disfrutar-en-el-parque-botanico-el-laberinto-parana","status":"publish","type":"post","link":"https:\/\/impactodenoticias.com.ar\/?p=3526","title":{"rendered":"Ya se puede disfrutar en el Parque Bot\u00e1nico el Laberinto Paran\u00e1"},"content":{"rendered":"\n<p><strong>El Laberinto Paran\u00e1 ya est\u00e1 habilitado en el Acceso Norte y se puede visitar todos los d\u00edas a parti de las 8 hasta el atardecer.<\/strong><\/p>\n\n\n\n<p>El Laberinto Paran\u00e1 ya est\u00e1 habilitado en el Acceso Norte y se puede visitar todos los d\u00edas desde las 8 hasta el atardecer. Est\u00e1 destinado a todas las edades y la entrada es libre y gratuita.<\/p>\n\n\n\n<p>Adem\u00e1s del paseo entre plantas, el detalle del laberinto es que desde el aire se lee Paran\u00e1. Cuenta con un tama\u00f1o de 25\u00d751 metros.<\/p>\n\n\n\n<p>El Laberinto Paran\u00e1<\/p>\n\n\n\n<p>Los trabajos en el laberinto comenzaron en 2017, momento en el cual se hizo el dise\u00f1o y las primeras plantaciones. En total se utilizaron cerca de 2100 plantas de ligustrinas, las cuales fueron producidas en el Vivero Municipal.<\/p>\n\n\n\n<p>Los trabajos y el mantenimiento se llevan adelante con personal del Vivero Municipal y del Parque Bot\u00e1nico. Adem\u00e1s cuenta con el aporte de alumnos pasantes de la Facultad de Ciencias Agropecuarias de la Universidad Nacional de Entre R\u00edos.<\/p>\n\n\n\n<p>Un dato que no es menor, desde el inicio los trabajadores enfrentaron varios inconvenientes: el da\u00f1o que causan las hormigas y ciertas aves y la poca colaboraci\u00f3n de algunos transe\u00fantes. En referencia a esto \u00faltimo, el personal del Vivero Municipal pide respetar los lugares de paso para de esa manera no romper las plantas.<\/p>\n\n\n\n<p>Finalizando, se anunci\u00f3 que est\u00e1 prevista, dentro de poco tiempo, la construcci\u00f3n de un mirador para mayor disfrute por parte de las personas y adem\u00e1s para que sirva de ayuda para quienes no encuentran la salida.<\/p>\n","protected":false},"excerpt":{"rendered":"<p>El Laberinto Paran&aacute; ya est&aacute; habilitado en el Acceso Norte y se puede visitar todos los d&iacute;as a parti de las 8 hasta el atardecer. El Laberinto Paran&aacute; ya est&aacute; habilitado en el Acceso Norte y se puede visitar todos los d&iacute;as desde las 8 hasta el atardecer. Est&aacute; destinado a todas las edades y [&hellip;]<\/p>\n","protected":false},"author":2,"featured_media":3527,"comment_status":"open","ping_status":"open","sticky":false,"template":"","format":"standard","meta":{"footnotes":""},"categories":[3,49],"tags":[1637,1636,95],"class_list":["post-3526","post","type-post","status-publish","format-standard","has-post-thumbnail","hentry","category-locales","category-sociedad","tag-habilitado","tag-laberinto-parana","tag-parana"],"_links":{"self":[{"href":"https:\/\/impactodenoticias.com.ar\/index.php?rest_route=\/wp\/v2\/posts\/3526","targetHints":{"allow":["GET"]}}],"collection":[{"href":"https:\/\/impactodenoticias.com.ar\/index.php?rest_route=\/wp\/v2\/posts"}],"about":[{"href":"https:\/\/impactodenoticias.com.ar\/index.php?rest_route=\/wp\/v2\/types\/post"}],"author":[{"embeddable":true,"href":"https:\/\/impactodenoticias.com.ar\/index.php?rest_route=\/wp\/v2\/users\/2"}],"replies":[{"embeddable":true,"href":"https:\/\/impactodenoticias.com.ar\/index.php?rest_route=%2Fwp%2Fv2%2Fcomments&post=3526"}],"version-history":[{"count":1,"href":"https:\/\/impactodenoticias.com.ar\/index.php?rest_route=\/wp\/v2\/posts\/3526\/revisions"}],"predecessor-version":[{"id":3528,"href":"https:\/\/impactodenoticias.com.ar\/index.php?rest_route=\/wp\/v2\/posts\/3526\/revisions\/3528"}],"wp:featuredmedia":[{"embeddable":true,"href":"https:\/\/impactodenoticias.com.ar\/index.php?rest_route=\/wp\/v2\/media\/3527"}],"wp:attachment":[{"href":"https:\/\/impactodenoticias.com.ar\/index.php?rest_route=%2Fwp%2Fv2%2Fmedia&parent=3526"}],"wp:term":[{"taxonomy":"category","embeddable":true,"href":"https:\/\/impactodenoticias.com.ar\/index.php?rest_route=%2Fwp%2Fv2%2Fcategories&post=3526"},{"taxonomy":"post_tag","embeddable":true,"href":"https:\/\/impactodenoticias.com.ar\/index.php?rest_route=%2Fwp%2Fv2%2Ftags&post=3526"}],"curies":[{"name":"wp","href":"https:\/\/api.w.org\/{rel}","templated":true}]}}