{"id":356,"date":"2024-06-25T16:42:10","date_gmt":"2024-06-25T19:42:10","guid":{"rendered":"https:\/\/impactodenoticias.com.ar\/?p=356"},"modified":"2024-06-25T17:22:59","modified_gmt":"2024-06-25T20:22:59","slug":"le-soltaron-la-mano-se-complica-la-situacion-de-orrico-y-salpica-al-gobierno-de-frigerio","status":"publish","type":"post","link":"https:\/\/impactodenoticias.com.ar\/?p=356","title":{"rendered":"Le soltaron la mano a Orrico"},"content":{"rendered":"\n<h3 class=\"wp-block-heading\">Se complica  la situaci\u00f3n del ex funcionario y salpica al gobierno de Frigerio. Llamativo traslado a Buenos Aires<\/h3>\n\n\n\n<p>El accidente de tr\u00e1nsito que le cost\u00f3 la vida a 4 j\u00f3venes trabajadores, y del que se recupera en un cuadro sumamente delicado el hasta hace unas horas funcionario Provincial, Juan Orrico; Quien se desempe\u00f1aba al frente del Instituto Portuario de la provincia de Entre R\u00edos, dejaron al descubierto que muchas de las medidas del gobernador , s\u00f3lo son anuncios o carece de autoridad, o m\u00e1s grave a\u00fan los anuncios s\u00f3lo son para determinadas  camadas de funcionarios y para la prensa;  Orrico deber\u00e1 afrontar una demanda penal y civil y como el auto que protagoniz\u00f3 el accidente que termin\u00f3 con la vida de 4 hombres j\u00f3venes,   pertenece a la flota de veh\u00edculos oficiales la demanda se podr\u00eda hacer extensiva incluso para el gobierno provincial. Por lo menos no lo descarta el abogado querellante , Mario Arcus\u00edn, quien no dejar\u00e1 librado al azar ninguna  acci\u00f3n judicial posible, y por eso busca la imputaci\u00f3n del sobreviviente y el cambio de car\u00e1tula, y la posible responsabilidad del Estado . No es menor saber que por \u00e9stas horas ya se sabr\u00eda que el autom\u00f3vil que se cruz\u00f3 de carril es el del funcionario del Estado; adem\u00e1s que los an\u00e1lisis podr\u00edan arrojar un alto porcentaje de alcohol en sangre. <br><br><strong>Desapartado<\/strong><br><br>el gobierno provincial dio a conocer hoy la desvinculaci\u00f3n  de Orrico como funcionario provincial \u201cDe com\u00fan acuerdo\u201d, reza el comunicado y \u201c hasta tanto la justicia aclare la situaci\u00f3n\u201d, pero todos saben que no hay com\u00fan acuerdo para semejante decisi\u00f3n en \u00e9ste momento. Orrico no es  un don nadie, su esposa , jueza , es integrante de la comunidad judicial , muy bien relacionada y respetada dicen los que la conocen. Por \u00e9stas  horas, ya se ha ejecutado el operativo despegue. Lo apartan de su cargo y ordenan la apertura de un legajo de sumario administrativo. Todo maquillado con el t\u00edtulo de com\u00fan acuerdo, y bajo la trillada frase, para ponerse a disposici\u00f3n de la justicia o por consejo de los abogados. Por \u00e9stas horas ya no hay dudas de que el gobierno le  solt\u00f3 la mano y lo dej\u00f3 s\u00f3lo. El inmenso aparato comunicaci\u00f3n que se encargaba de desviar la atenci\u00f3n , minimizar el resultado de sus acciones , retrasar la comunicaci\u00f3n en el avance de las pericias y todo aquello que estaba en la \u00f3rbita del Estado, no pudo sostenerse ante el avance de los querellantes y el inevitable cambio de car\u00e1tula. Orrico deber\u00e1 afrontar las consecuencias de manejar en esas condiciones si as\u00ed lo demuestran los resultados periciales  <br><br><strong>Desobediente<\/strong><\/p>\n\n\n\n<p>Ser\u00eda el calificativo que mejor le asienta , ya que el gobernador orden\u00f3 entregar todos los veh\u00edculos oficiales de uso particular, todos, todos sin excepci\u00f3n , por lo menos as\u00ed se anunci\u00f3 a la prensa, para darle un nuevo destino y al servicio de la comunidad. Es evidente que eso s\u00f3lo fue un anuncio para la prensa, s\u00f3lo un anunci\u00f3 y que muchos otros , entre ellos ,Orrico , un claro ejemplo  de que no s\u00f3lo no entregaron los veh\u00edculos, sino que contin\u00faan utiliz\u00e1ndolos para uso particular, ya que sobreviviente no se trasladaba de una reuni\u00f3n de trabajo y muchos menos de una actividad que tenga que ver con la funci\u00f3n. El m\u00f3vil que llev\u00f3 a la muerte a 4 personas , fue proporcionado por el Estado Provincial, el gobierno entrerriano, cuyas autoridades deben controlar y cuidar de los bienes de todos, verificar que sean utilizados con el fin para el que fueron otorgados y deben estar a cargo de un empleado , responsable  y custodio de ese bien. Pero no hab\u00eda nadie, s\u00f3lo un funcionario que dispon\u00eda para su uso particular . Por lo tanto uno puede ser responsable por acci\u00f3n u omisi\u00f3n ; Alguien no cumpli\u00f3 con las \u00f3rdenes del gobernador, pero tampoco hicieron cumplir las \u00f3rdenes del gobernador . Por lo tanto el sumario administrativo, no deber\u00e1 limitarse s\u00f3lo a Orrigo, sino a otros tantos. y por m\u00e1s que el gobierno Provincial intenta correrse a la banquina, alguna responsabilidad podr\u00e1 recaer sobre alguien m\u00e1s. <\/p>\n\n\n\n<p><strong>El llamativo traslado a Buenos Aires<\/strong><\/p>\n\n\n\n<p>Un dato llamativo es su traslado a un sanatorio privado en la ciudad de Buenos Aires, el d\u00eda s\u00e1bado, habiendo en la provincia de Entre R\u00edos nosocomios con la capacidad suficiente para su recuperaci\u00f3n.<\/p>\n\n\n\n<p>Desde la direcci\u00f3n del Hospital Justo Jos\u00e9 de Urquiza de Concepci\u00f3n del Uruguay, se\u00f1alaron que presentaba contusiones m\u00faltiples y una fractura en el miembro superior, sin embargo tambi\u00e9n indicaron que se encontraba l\u00facido y sin la necesidad de asistencia ventilatoria. A pesar de ello fue derivado por decisi\u00f3n de su familia.<\/p>\n\n\n\n<p><br><br><br><br><\/p>\n","protected":false},"excerpt":{"rendered":"<p>Se complica la situaci&oacute;n del ex funcionario y salpica al gobierno de Frigerio. Llamativo traslado a Buenos Aires El accidente de tr&aacute;nsito que le cost&oacute; la vida a 4 j&oacute;venes trabajadores, y del que se recupera en un cuadro sumamente delicado el hasta hace unas horas funcionario Provincial, Juan Orrico; Quien se desempe&ntilde;aba al frente [&hellip;]<\/p>\n","protected":false},"author":2,"featured_media":428,"comment_status":"open","ping_status":"open","sticky":false,"template":"","format":"standard","meta":{"footnotes":""},"categories":[90,11,4],"tags":[33,106,39],"class_list":["post-356","post","type-post","status-publish","format-standard","has-post-thumbnail","hentry","category-judicial","category-politica","category-provinciales","tag-entre-rios","tag-juan-ruiz-orrico","tag-rogelio-frigerio"],"_links":{"self":[{"href":"https:\/\/impactodenoticias.com.ar\/index.php?rest_route=\/wp\/v2\/posts\/356","targetHints":{"allow":["GET"]}}],"collection":[{"href":"https:\/\/impactodenoticias.com.ar\/index.php?rest_route=\/wp\/v2\/posts"}],"about":[{"href":"https:\/\/impactodenoticias.com.ar\/index.php?rest_route=\/wp\/v2\/types\/post"}],"author":[{"embeddable":true,"href":"https:\/\/impactodenoticias.com.ar\/index.php?rest_route=\/wp\/v2\/users\/2"}],"replies":[{"embeddable":true,"href":"https:\/\/impactodenoticias.com.ar\/index.php?rest_route=%2Fwp%2Fv2%2Fcomments&post=356"}],"version-history":[{"count":11,"href":"https:\/\/impactodenoticias.com.ar\/index.php?rest_route=\/wp\/v2\/posts\/356\/revisions"}],"predecessor-version":[{"id":442,"href":"https:\/\/impactodenoticias.com.ar\/index.php?rest_route=\/wp\/v2\/posts\/356\/revisions\/442"}],"wp:featuredmedia":[{"embeddable":true,"href":"https:\/\/impactodenoticias.com.ar\/index.php?rest_route=\/wp\/v2\/media\/428"}],"wp:attachment":[{"href":"https:\/\/impactodenoticias.com.ar\/index.php?rest_route=%2Fwp%2Fv2%2Fmedia&parent=356"}],"wp:term":[{"taxonomy":"category","embeddable":true,"href":"https:\/\/impactodenoticias.com.ar\/index.php?rest_route=%2Fwp%2Fv2%2Fcategories&post=356"},{"taxonomy":"post_tag","embeddable":true,"href":"https:\/\/impactodenoticias.com.ar\/index.php?rest_route=%2Fwp%2Fv2%2Ftags&post=356"}],"curies":[{"name":"wp","href":"https:\/\/api.w.org\/{rel}","templated":true}]}}