{"id":360,"date":"2024-06-19T17:22:14","date_gmt":"2024-06-19T20:22:14","guid":{"rendered":"https:\/\/impactodenoticias.com.ar\/?p=360"},"modified":"2024-06-19T17:22:16","modified_gmt":"2024-06-19T20:22:16","slug":"michel-critico-a-frigerio-sin-embargo-reconocio-algunas-mejoras","status":"publish","type":"post","link":"https:\/\/impactodenoticias.com.ar\/?p=360","title":{"rendered":"Michel critic\u00f3 a Frigerio sin embargo reconoci\u00f3 algunas mejoras"},"content":{"rendered":"\n<p><strong>El exdirector de Aduanas se\u00f1al\u00f3 que la gesti\u00f3n del gobernador a\u00fan no arranc\u00f3. Habl\u00f3 de la construcci\u00f3n de un relato generado desde ejecutivo provincial. Habl\u00f3 de cambios en el \u00e1rea de seguridad y admiti\u00f3 cambios positivos.<\/strong><\/p>\n\n\n\n<p>El exdirector de Aduanas, Guillermo Michel, cercano a Sergio Massa, critic\u00f3 los primeros seis meses de gobierno de Rogelio Frigerio. Indic\u00f3 que a\u00fan no arranc\u00f3 y habl\u00f3 de un relato que construye el gobierno provincial. Sin embargo reconoci\u00f3 avances en materia de seguridad y subray\u00f3: \u00abEso lo veo como un dato positivo\u00bb.<\/p>\n\n\n\n<p>\u201cHay una cuesti\u00f3n vinculada a la materia de seguridad donde hay una mejora respecto a c\u00f3mo se ven\u00eda trabajando. Eso lo veo como un dato positivo\u00bb, expres\u00f3 Michel, entre las cr\u00edticas que efectu\u00f3 este mi\u00e9rcoles en declaraciones radiales.<\/p>\n\n\n\n<p>Y agreg\u00f3: \u00abVeo mayor actividad, sobre todo en lo que es en el d\u00eda a d\u00eda, sino tambi\u00e9n en materia de percepci\u00f3n de riesgo. Veo m\u00e1s uniformados, m\u00e1s agentes en la calle. Con lo cual, eso lo veo desde el punto de vista positivo\u201d, destac\u00f3 el dirigente peronista entrerriano que fue candidato a diputado nacional en los pasados comicios.<\/p>\n\n\n\n<p>\u201cDespu\u00e9s del resto de los elementos, claramente veo que es una provincia que sigue con anuncios, de obra p\u00fablica, de escuelas pero claramente en la provincia no arranc\u00f3, salvo en materia de seguridad, veo una provincia totalmente paralizada que no arranc\u00f3\u201d, argument\u00f3 el alfil de Sergio Massa en la provincia de Entre R\u00edos.<\/p>\n\n\n\n<p>Michel analiz\u00f3 que los recortes del gobierno nacional \u201cincidieron\u201d pero alert\u00f3 que \u201csi eso afect\u00f3 tanto a la provincia, el gobernador deber\u00eda tomar una posici\u00f3n distinta respecto al gobierno nacional y no acompa\u00f1ar todas las medidas que tom\u00f3\u201d.<\/p>\n\n\n\n<p>Y acot\u00f3: \u201cSi uno como gobernador ve que las medidas a nivel nacional que se toman, afectan a las finanzas provinciales, lo que tiene que hacer es no acompa\u00f1arlas, sino oponerse\u201d.<\/p>\n\n\n\n<p>Por otra parte, se\u00f1al\u00f3 que \u201chay una construcci\u00f3n de un relato en esto de que las medidas nacionales est\u00e1n afectando las finanzas provinciales, porque el mes pasado nos escondieron la recaudaci\u00f3n extraordinaria que tuvieron y tuvieron que salir a justificarlo de manera apresurada\u00bb.<\/p>\n\n\n\n<p>Finalizando afirm\u00f3: \u00abLo escuch\u00e9 al ministro de Econom\u00eda o al secretario de Hacienda, balbuceando una explicaci\u00f3n t\u00e9cnica de los fondos, que era extraordinaria y por \u00fanica vez luego de que sali\u00f3 en las noticias\u00bb.<\/p>\n","protected":false},"excerpt":{"rendered":"<p>El exdirector de Aduanas se&ntilde;al&oacute; que la gesti&oacute;n del gobernador a&uacute;n no arranc&oacute;. Habl&oacute; de la construcci&oacute;n de un relato generado desde ejecutivo provincial. Habl&oacute; de cambios en el &aacute;rea de seguridad y admiti&oacute; cambios positivos. El exdirector de Aduanas, Guillermo Michel, cercano a Sergio Massa, critic&oacute; los primeros seis meses de gobierno de Rogelio [&hellip;]<\/p>\n","protected":false},"author":2,"featured_media":361,"comment_status":"open","ping_status":"open","sticky":false,"template":"","format":"standard","meta":{"footnotes":""},"categories":[11,4],"tags":[47,46,39,48],"class_list":["post-360","post","type-post","status-publish","format-standard","has-post-thumbnail","hentry","category-politica","category-provinciales","tag-criticas","tag-guillermo-michel","tag-rogelio-frigerio","tag-sergio-massa"],"_links":{"self":[{"href":"https:\/\/impactodenoticias.com.ar\/index.php?rest_route=\/wp\/v2\/posts\/360","targetHints":{"allow":["GET"]}}],"collection":[{"href":"https:\/\/impactodenoticias.com.ar\/index.php?rest_route=\/wp\/v2\/posts"}],"about":[{"href":"https:\/\/impactodenoticias.com.ar\/index.php?rest_route=\/wp\/v2\/types\/post"}],"author":[{"embeddable":true,"href":"https:\/\/impactodenoticias.com.ar\/index.php?rest_route=\/wp\/v2\/users\/2"}],"replies":[{"embeddable":true,"href":"https:\/\/impactodenoticias.com.ar\/index.php?rest_route=%2Fwp%2Fv2%2Fcomments&post=360"}],"version-history":[{"count":1,"href":"https:\/\/impactodenoticias.com.ar\/index.php?rest_route=\/wp\/v2\/posts\/360\/revisions"}],"predecessor-version":[{"id":362,"href":"https:\/\/impactodenoticias.com.ar\/index.php?rest_route=\/wp\/v2\/posts\/360\/revisions\/362"}],"wp:featuredmedia":[{"embeddable":true,"href":"https:\/\/impactodenoticias.com.ar\/index.php?rest_route=\/wp\/v2\/media\/361"}],"wp:attachment":[{"href":"https:\/\/impactodenoticias.com.ar\/index.php?rest_route=%2Fwp%2Fv2%2Fmedia&parent=360"}],"wp:term":[{"taxonomy":"category","embeddable":true,"href":"https:\/\/impactodenoticias.com.ar\/index.php?rest_route=%2Fwp%2Fv2%2Fcategories&post=360"},{"taxonomy":"post_tag","embeddable":true,"href":"https:\/\/impactodenoticias.com.ar\/index.php?rest_route=%2Fwp%2Fv2%2Ftags&post=360"}],"curies":[{"name":"wp","href":"https:\/\/api.w.org\/{rel}","templated":true}]}}