{"id":3688,"date":"2024-09-06T14:50:31","date_gmt":"2024-09-06T17:50:31","guid":{"rendered":"https:\/\/impactodenoticias.com.ar\/?p=3688"},"modified":"2024-09-06T14:50:31","modified_gmt":"2024-09-06T17:50:31","slug":"trabajadores-de-lt11-exigen-el-urgente-reinicio-de-las-transmisiones","status":"publish","type":"post","link":"https:\/\/impactodenoticias.com.ar\/?p=3688","title":{"rendered":"Trabajadores de LT11 exigen el urgente reinicio de las transmisiones"},"content":{"rendered":"\n<p><strong>La planta transmisora de LT11 Radio General Francisco Ram\u00edrez de Concepci\u00f3n del Uruguay se encuentra fuera de funcionamiento desde el 30 de agosto, luego de sufrir el robo de elementos esenciales.<\/strong><\/p>\n\n\n\n<p>Este viernes el personal emiti\u00f3 una carta p\u00fablica exigiendo al Gobierno nacional medidas de seguridad y el urgente reinicio de las transmisiones por AM 1560.<\/p>\n\n\n\n<p>Los trabajadores denunciaron que \u201cel pasado 30 de agosto de 2024, se produjo un robo en la planta de elementos esenciales como el sintonizador y otros equipos complejos necesarios para transmitir en AM. Hacemos hincapi\u00e9 en que para manipular y desinstalar estos equipos se requieren conocimientos espec\u00edficos. Este hecho es uno m\u00e1s en la cadena de robos y sabotajes que viene sufriendo planta transmisora\u201d, se\u00f1alaron.<\/p>\n\n\n\n<p>Tambi\u00e9n recordaron que \u201cdurante a\u00f1os\u201d han denunciado \u201cel abandono y falta de seguridad en la planta emisora, pero a pesar de nuestras advertencias y reclamos, el gobierno no ha tomado ni una sola medida efectiva para prevenirlo. Por lo tanto este gobierno como los anteriores son los claros responsables de lo sucedido, por su inacci\u00f3n ante los reclamos, como del abandono y desfinanciamiento sistem\u00e1tico de la radio p\u00fablica\u201d.<\/p>\n\n\n\n<p>\u201cPor la falta de este servicio p\u00fablico tan imprescindible y el potencial riesgo de los puestos de trabajo, exigimos al gobierno nacional y a las autoridades responsables de Radio y Televisi\u00f3n Argentina SE que tomen medidas inmediatas para revertir la situaci\u00f3n que han generado\u201d.<\/p>\n\n\n\n<p><strong>Los reclamos:<\/strong><\/p>\n\n\n\n<p>1.Destinar presupuesto para personal de seguridad las 24 horas en planta emisora, instalar cerco perimetral y que haya accesos seguros.<\/p>\n\n\n\n<p>2.Asignar presupuesto para mantenimiento, reparaci\u00f3n y adquisici\u00f3n de equipos de transmisi\u00f3n faltantes.<\/p>\n\n\n\n<p>3.Que se investigue a fondo y se sancione a los responsables de los robos y atentados.<\/p>\n\n\n\n<p>4.Garantizar la integridad y seguridad de los trabajadores.<\/p>\n\n\n\n<p>5.Se reinicien urgentemente las transmisiones por AM 1560 kHz y los compa\u00f1eros vuelvan a sus tareas habituales.<\/p>\n","protected":false},"excerpt":{"rendered":"<p>La planta transmisora de LT11 Radio General Francisco Ram&iacute;rez de Concepci&oacute;n del Uruguay se encuentra fuera de funcionamiento desde el 30 de agosto, luego de sufrir el robo de elementos esenciales. Este viernes el personal emiti&oacute; una carta p&uacute;blica exigiendo al Gobierno nacional medidas de seguridad y el urgente reinicio de las transmisiones por AM [&hellip;]<\/p>\n","protected":false},"author":2,"featured_media":3689,"comment_status":"open","ping_status":"open","sticky":false,"template":"","format":"standard","meta":{"footnotes":""},"categories":[91,4],"tags":[1723,324,1722,441,1720,97,1721],"class_list":["post-3688","post","type-post","status-publish","format-standard","has-post-thumbnail","hentry","category-gremiales","category-provinciales","tag-am-1560","tag-concepcion-del-uruguay","tag-gobierno-nacional","tag-lt11","tag-reinicio","tag-trabajadores","tag-transmisiones"],"_links":{"self":[{"href":"https:\/\/impactodenoticias.com.ar\/index.php?rest_route=\/wp\/v2\/posts\/3688","targetHints":{"allow":["GET"]}}],"collection":[{"href":"https:\/\/impactodenoticias.com.ar\/index.php?rest_route=\/wp\/v2\/posts"}],"about":[{"href":"https:\/\/impactodenoticias.com.ar\/index.php?rest_route=\/wp\/v2\/types\/post"}],"author":[{"embeddable":true,"href":"https:\/\/impactodenoticias.com.ar\/index.php?rest_route=\/wp\/v2\/users\/2"}],"replies":[{"embeddable":true,"href":"https:\/\/impactodenoticias.com.ar\/index.php?rest_route=%2Fwp%2Fv2%2Fcomments&post=3688"}],"version-history":[{"count":1,"href":"https:\/\/impactodenoticias.com.ar\/index.php?rest_route=\/wp\/v2\/posts\/3688\/revisions"}],"predecessor-version":[{"id":3690,"href":"https:\/\/impactodenoticias.com.ar\/index.php?rest_route=\/wp\/v2\/posts\/3688\/revisions\/3690"}],"wp:featuredmedia":[{"embeddable":true,"href":"https:\/\/impactodenoticias.com.ar\/index.php?rest_route=\/wp\/v2\/media\/3689"}],"wp:attachment":[{"href":"https:\/\/impactodenoticias.com.ar\/index.php?rest_route=%2Fwp%2Fv2%2Fmedia&parent=3688"}],"wp:term":[{"taxonomy":"category","embeddable":true,"href":"https:\/\/impactodenoticias.com.ar\/index.php?rest_route=%2Fwp%2Fv2%2Fcategories&post=3688"},{"taxonomy":"post_tag","embeddable":true,"href":"https:\/\/impactodenoticias.com.ar\/index.php?rest_route=%2Fwp%2Fv2%2Ftags&post=3688"}],"curies":[{"name":"wp","href":"https:\/\/api.w.org\/{rel}","templated":true}]}}