{"id":373,"date":"2024-06-20T10:05:19","date_gmt":"2024-06-20T13:05:19","guid":{"rendered":"https:\/\/impactodenoticias.com.ar\/?p=373"},"modified":"2024-06-20T10:05:27","modified_gmt":"2024-06-20T13:05:27","slug":"entre-rios-el-medio-aguinaldo-se-abonara-despues-de-los-sueldos-confirmaron-desde-el-gobierno","status":"publish","type":"post","link":"https:\/\/impactodenoticias.com.ar\/?p=373","title":{"rendered":"Entre R\u00edos: el medio aguinaldo se abonar\u00e1 despu\u00e9s de los sueldos confirmaron desde el gobierno"},"content":{"rendered":"\n<p>Seg\u00fan se inform\u00f3 a <strong>IMPACTO DE NOTICIAS<\/strong>, el Gobierno de Entre R\u00edos pagar\u00e1 el medio aguinaldo tras abonar los sueldos correspondientes al mes de junio.<\/p>\n\n\n\n<p>El Gobierno de Entre R\u00edos pagar\u00e1 el medio aguinaldo despu\u00e9s de abonar los sueldos de junio. La novedad fue confirmada por el secretario de Presupuesto y Finanzas de la Provincia, Uriel Brupbacher. De este modo, se espera ahora por la publicaci\u00f3n del cronograma de pagos para luego conocer la fecha del primer pago del Sueldo Anual Complementario -SAC-.<\/p>\n\n\n\n<p>\u00abSeg\u00fan las proyecciones, estimamos que el aguinaldo se va a pagar tres d\u00edas despu\u00e9s de los sueldos\u00bb, asegur\u00f3 el funcionario provincial, tras ser consultado por la posibilidad de que los estatales percibieran el aguinaldo luego de sus correspondientes haberes.<\/p>\n","protected":false},"excerpt":{"rendered":"<p>Seg&uacute;n se inform&oacute; a IMPACTO DE NOTICIAS, el Gobierno de Entre R&iacute;os pagar&aacute; el medio aguinaldo tras abonar los sueldos correspondientes al mes de junio. El Gobierno de Entre R&iacute;os pagar&aacute; el medio aguinaldo despu&eacute;s de abonar los sueldos de junio. La novedad fue confirmada por el secretario de Presupuesto y Finanzas de la Provincia, [&hellip;]<\/p>\n","protected":false},"author":2,"featured_media":374,"comment_status":"open","ping_status":"open","sticky":false,"template":"","format":"standard","meta":{"footnotes":""},"categories":[4,49],"tags":[51,33,50],"class_list":["post-373","post","type-post","status-publish","format-standard","has-post-thumbnail","hentry","category-provinciales","category-sociedad","tag-aguinaldo","tag-entre-rios","tag-medio"],"_links":{"self":[{"href":"https:\/\/impactodenoticias.com.ar\/index.php?rest_route=\/wp\/v2\/posts\/373","targetHints":{"allow":["GET"]}}],"collection":[{"href":"https:\/\/impactodenoticias.com.ar\/index.php?rest_route=\/wp\/v2\/posts"}],"about":[{"href":"https:\/\/impactodenoticias.com.ar\/index.php?rest_route=\/wp\/v2\/types\/post"}],"author":[{"embeddable":true,"href":"https:\/\/impactodenoticias.com.ar\/index.php?rest_route=\/wp\/v2\/users\/2"}],"replies":[{"embeddable":true,"href":"https:\/\/impactodenoticias.com.ar\/index.php?rest_route=%2Fwp%2Fv2%2Fcomments&post=373"}],"version-history":[{"count":1,"href":"https:\/\/impactodenoticias.com.ar\/index.php?rest_route=\/wp\/v2\/posts\/373\/revisions"}],"predecessor-version":[{"id":375,"href":"https:\/\/impactodenoticias.com.ar\/index.php?rest_route=\/wp\/v2\/posts\/373\/revisions\/375"}],"wp:featuredmedia":[{"embeddable":true,"href":"https:\/\/impactodenoticias.com.ar\/index.php?rest_route=\/wp\/v2\/media\/374"}],"wp:attachment":[{"href":"https:\/\/impactodenoticias.com.ar\/index.php?rest_route=%2Fwp%2Fv2%2Fmedia&parent=373"}],"wp:term":[{"taxonomy":"category","embeddable":true,"href":"https:\/\/impactodenoticias.com.ar\/index.php?rest_route=%2Fwp%2Fv2%2Fcategories&post=373"},{"taxonomy":"post_tag","embeddable":true,"href":"https:\/\/impactodenoticias.com.ar\/index.php?rest_route=%2Fwp%2Fv2%2Ftags&post=373"}],"curies":[{"name":"wp","href":"https:\/\/api.w.org\/{rel}","templated":true}]}}